{"id":3913,"date":"2012-01-02T13:59:24","date_gmt":"2012-01-02T13:59:24","guid":{"rendered":"http:\/\/apub.org.br\/?p=3913"},"modified":"2012-01-02T13:59:24","modified_gmt":"2012-01-02T13:59:24","slug":"ifba-inscreve-para-professor-efetivo-ate-amanha","status":"publish","type":"post","link":"https:\/\/apub.org.br\/siteantigo\/ifba-inscreve-para-professor-efetivo-ate-amanha\/","title":{"rendered":"IFBA inscreve para professor efetivo at\u00e9 amanh\u00e3"},"content":{"rendered":"<p style=\"text-align: justify;\">As inscri\u00e7\u00f5es para professor efetivo do IFBA ficam abertas at\u00e9 esta ter\u00e1-feira (3). S\u00e3o 323 vagas para diversas \u00e1reas do conhecimento distribu\u00eddas nas cidades de Barreiras, Cama\u00e7ari, Eun\u00e1polis, Feira de Santana, Ilh\u00e9us, Irec\u00ea, Jacobina, Jequi\u00e9, Paulo Afonso, Porto Seguro, Salvador, Santo Amaro, Seabra, Sim\u00f5es Filho, Valen\u00e7a, Vit\u00f3ria da Conquista e Brumado.As vagas s\u00e3o para professor do Magist\u00e9rio do Ensino B\u00e1sico, T\u00e9cnico e Tecnol\u00f3gico, com regimes de trabalho de DE (Dedica\u00e7\u00e3o Exclusiva), 40 horas e 20 horas. As inscri\u00e7\u00f5es custam R$100,00 e devem ser feitas exclusivamente atrav\u00e9s do www.ifba.edu.br.<\/p>\n","protected":false},"excerpt":{"rendered":"<p>As inscri\u00e7\u00f5es para professor efetivo do IFBA ficam abertas at\u00e9 esta ter\u00e1-feira (3). S\u00e3o 323 vagas para diversas \u00e1reas do conhecimento distribu\u00eddas nas cidades de Barreiras, Cama\u00e7ari, Eun\u00e1polis, Feira de Santana, Ilh\u00e9us, Irec\u00ea, Jacobina, Jequi\u00e9, Paulo Afonso, Porto Seguro, Salvador, Santo Amaro, Seabra, Sim\u00f5es Filho, Valen\u00e7a, Vit\u00f3ria da Conquista e Brumado.As vagas s\u00e3o para professor [&hellip;]<\/p>\n","protected":false},"author":1,"featured_media":0,"comment_status":"closed","ping_status":"closed","sticky":false,"template":"","format":"standard","meta":{"footnotes":""},"categories":[146],"tags":[],"class_list":["post-3913","post","type-post","status-publish","format-standard","hentry","category-latest-news"],"_links":{"self":[{"href":"https:\/\/apub.org.br\/siteantigo\/wp-json\/wp\/v2\/posts\/3913","targetHints":{"allow":["GET"]}}],"collection":[{"href":"https:\/\/apub.org.br\/siteantigo\/wp-json\/wp\/v2\/posts"}],"about":[{"href":"https:\/\/apub.org.br\/siteantigo\/wp-json\/wp\/v2\/types\/post"}],"author":[{"embeddable":true,"href":"https:\/\/apub.org.br\/siteantigo\/wp-json\/wp\/v2\/users\/1"}],"replies":[{"embeddable":true,"href":"https:\/\/apub.org.br\/siteantigo\/wp-json\/wp\/v2\/comments?post=3913"}],"version-history":[{"count":0,"href":"https:\/\/apub.org.br\/siteantigo\/wp-json\/wp\/v2\/posts\/3913\/revisions"}],"wp:attachment":[{"href":"https:\/\/apub.org.br\/siteantigo\/wp-json\/wp\/v2\/media?parent=3913"}],"wp:term":[{"taxonomy":"category","embeddable":true,"href":"https:\/\/apub.org.br\/siteantigo\/wp-json\/wp\/v2\/categories?post=3913"},{"taxonomy":"post_tag","embeddable":true,"href":"https:\/\/apub.org.br\/siteantigo\/wp-json\/wp\/v2\/tags?post=3913"}],"curies":[{"name":"wp","href":"https:\/\/api.w.org\/{rel}","templated":true}]}}