{"id":39142,"date":"2022-07-04T09:59:35","date_gmt":"2022-07-04T12:59:35","guid":{"rendered":"http:\/\/apub.org.br\/?p=39142"},"modified":"2022-07-04T09:59:42","modified_gmt":"2022-07-04T12:59:42","slug":"novos-cortes-orcamentarios-tirariam-66-milhoes-da-ufrb","status":"publish","type":"post","link":"https:\/\/apub.org.br\/siteantigo\/novos-cortes-orcamentarios-tirariam-66-milhoes-da-ufrb\/","title":{"rendered":"Novos cortes or\u00e7ament\u00e1rios tirariam 6,6 milh\u00f5es da UFRB"},"content":{"rendered":"\n<div class=\"wp-block-image\"><figure class=\"aligncenter size-full\"><img fetchpriority=\"high\" decoding=\"async\" width=\"800\" height=\"800\" src=\"http:\/\/apub.org.br\/wp-content\/uploads\/2022\/07\/APUB-Novos-cortes-orcamentarios-tirariam-66-milhoes-da-UFRB_site.jpg\" alt=\"\" class=\"wp-image-39143\" srcset=\"https:\/\/apub.org.br\/siteantigo\/wp-content\/uploads\/2022\/07\/APUB-Novos-cortes-orcamentarios-tirariam-66-milhoes-da-UFRB_site.jpg 800w, https:\/\/apub.org.br\/siteantigo\/wp-content\/uploads\/2022\/07\/APUB-Novos-cortes-orcamentarios-tirariam-66-milhoes-da-UFRB_site-300x300.jpg 300w, https:\/\/apub.org.br\/siteantigo\/wp-content\/uploads\/2022\/07\/APUB-Novos-cortes-orcamentarios-tirariam-66-milhoes-da-UFRB_site-150x150.jpg 150w, https:\/\/apub.org.br\/siteantigo\/wp-content\/uploads\/2022\/07\/APUB-Novos-cortes-orcamentarios-tirariam-66-milhoes-da-UFRB_site-768x768.jpg 768w\" sizes=\"(max-width: 800px) 100vw, 800px\" \/><\/figure><\/div>\n\n\n\n<p class=\"has-text-align-center\">&#x1f624;&#x1f44e; O corte or\u00e7ament\u00e1rio de R$ 1 bilh\u00e3o, anunciando no final de maio, coloca em risco o funcionamento da rede federal da educa\u00e7\u00e3o. S\u00f3 a Universidade Federal do Rec\u00f4ncavo da Bahia (UFRB) perderia R$ 6,6 milh\u00f5es, o que afetaria diretamente a manuten\u00e7\u00e3o e o funcionamento da institui\u00e7\u00e3o. Comprometendo o pagamento de despesas b\u00e1sicas, como: energia el\u00e9trica, \u00e1gua, servi\u00e7os terceirizados (limpeza e seguran\u00e7a), manuten\u00e7\u00e3o da estrutura e de equipamentos, bolsas e aux\u00edlios estudantis. Os cortes precisam parar. Destruir as universidades p\u00fablicas compromete o futuro do Brasil. <strong>&#x1f469;&#x200d;&#x1f3eb;&#x1f4da;<\/strong><\/p>\n","protected":false},"excerpt":{"rendered":"<p>&#x1f624;&#x1f44e; O corte or\u00e7ament\u00e1rio de R$ 1 bilh\u00e3o, anunciando no final de maio, coloca em risco o funcionamento da rede federal da educa\u00e7\u00e3o. S\u00f3 a Universidade Federal do Rec\u00f4ncavo da Bahia (UFRB) perderia R$ 6,6 milh\u00f5es, o que afetaria diretamente a manuten\u00e7\u00e3o e o funcionamento da institui\u00e7\u00e3o. Comprometendo o pagamento de despesas b\u00e1sicas, como: energia [&hellip;]<\/p>\n","protected":false},"author":2,"featured_media":39143,"comment_status":"closed","ping_status":"closed","sticky":false,"template":"","format":"standard","meta":{"footnotes":""},"categories":[760,530,146],"tags":[],"class_list":["post-39142","post","type-post","status-publish","format-standard","has-post-thumbnail","hentry","category-comunicacao","category-destaques-1","category-latest-news"],"_links":{"self":[{"href":"https:\/\/apub.org.br\/siteantigo\/wp-json\/wp\/v2\/posts\/39142","targetHints":{"allow":["GET"]}}],"collection":[{"href":"https:\/\/apub.org.br\/siteantigo\/wp-json\/wp\/v2\/posts"}],"about":[{"href":"https:\/\/apub.org.br\/siteantigo\/wp-json\/wp\/v2\/types\/post"}],"author":[{"embeddable":true,"href":"https:\/\/apub.org.br\/siteantigo\/wp-json\/wp\/v2\/users\/2"}],"replies":[{"embeddable":true,"href":"https:\/\/apub.org.br\/siteantigo\/wp-json\/wp\/v2\/comments?post=39142"}],"version-history":[{"count":1,"href":"https:\/\/apub.org.br\/siteantigo\/wp-json\/wp\/v2\/posts\/39142\/revisions"}],"predecessor-version":[{"id":39144,"href":"https:\/\/apub.org.br\/siteantigo\/wp-json\/wp\/v2\/posts\/39142\/revisions\/39144"}],"wp:featuredmedia":[{"embeddable":true,"href":"https:\/\/apub.org.br\/siteantigo\/wp-json\/wp\/v2\/media\/39143"}],"wp:attachment":[{"href":"https:\/\/apub.org.br\/siteantigo\/wp-json\/wp\/v2\/media?parent=39142"}],"wp:term":[{"taxonomy":"category","embeddable":true,"href":"https:\/\/apub.org.br\/siteantigo\/wp-json\/wp\/v2\/categories?post=39142"},{"taxonomy":"post_tag","embeddable":true,"href":"https:\/\/apub.org.br\/siteantigo\/wp-json\/wp\/v2\/tags?post=39142"}],"curies":[{"name":"wp","href":"https:\/\/api.w.org\/{rel}","templated":true}]}}