{"id":3916,"date":"2012-01-03T13:22:48","date_gmt":"2012-01-03T13:22:48","guid":{"rendered":"http:\/\/apub.org.br\/?p=3916"},"modified":"2012-01-03T13:22:48","modified_gmt":"2012-01-03T13:22:48","slug":"este-ano-ebecult-sera-na-ufrb-cachoeira","status":"publish","type":"post","link":"https:\/\/apub.org.br\/siteantigo\/este-ano-ebecult-sera-na-ufrb-cachoeira\/","title":{"rendered":"Este ano, EBECULT ser\u00e1 na UFRB Cachoeira"},"content":{"rendered":"<p style=\"text-align: justify;\">A 3\u00aa edi\u00e7\u00e3o do Encontro Baiano de Estudos em Cultura (EBECULT) ser\u00e1 realizado de 18 a 20 de abril de 2012, na Universidade Federal do Rec\u00f4ncavo da Bahia (UFRB). O evento ser\u00e1 no campus de Cachoeira, a 110 km de Salvador. A proposta \u00e9 desenvolver a cada ano um encontro que promova a visibilidade de pesquisas em cultura e o interc\u00e2mbio entre pesquisadores, com o objetivo de incentivar o compartilhamento de pesquisas desenvolvidas no campo cultural do estado. Durante os tr\u00eas dias, ser\u00e3o realizadas uma confer\u00eancia sobre pol\u00edticas culturais e uma mesa redonda com destaque para a cultura como direito pol\u00edtico-social e emancipa\u00e7\u00e3o humana, al\u00e9m de uma plen\u00e1ria, que definir\u00e1 uma s\u00edntese do encontro e as pr\u00f3ximas edi\u00e7\u00f5es.<\/p>\n","protected":false},"excerpt":{"rendered":"<p>A 3\u00aa edi\u00e7\u00e3o do Encontro Baiano de Estudos em Cultura (EBECULT) ser\u00e1 realizado de 18 a 20 de abril de 2012, na Universidade Federal do Rec\u00f4ncavo da Bahia (UFRB). O evento ser\u00e1 no campus de Cachoeira, a 110 km de Salvador. A proposta \u00e9 desenvolver a cada ano um encontro que promova a visibilidade de [&hellip;]<\/p>\n","protected":false},"author":1,"featured_media":0,"comment_status":"closed","ping_status":"closed","sticky":false,"template":"","format":"standard","meta":{"footnotes":""},"categories":[146],"tags":[],"class_list":["post-3916","post","type-post","status-publish","format-standard","hentry","category-latest-news"],"_links":{"self":[{"href":"https:\/\/apub.org.br\/siteantigo\/wp-json\/wp\/v2\/posts\/3916","targetHints":{"allow":["GET"]}}],"collection":[{"href":"https:\/\/apub.org.br\/siteantigo\/wp-json\/wp\/v2\/posts"}],"about":[{"href":"https:\/\/apub.org.br\/siteantigo\/wp-json\/wp\/v2\/types\/post"}],"author":[{"embeddable":true,"href":"https:\/\/apub.org.br\/siteantigo\/wp-json\/wp\/v2\/users\/1"}],"replies":[{"embeddable":true,"href":"https:\/\/apub.org.br\/siteantigo\/wp-json\/wp\/v2\/comments?post=3916"}],"version-history":[{"count":0,"href":"https:\/\/apub.org.br\/siteantigo\/wp-json\/wp\/v2\/posts\/3916\/revisions"}],"wp:attachment":[{"href":"https:\/\/apub.org.br\/siteantigo\/wp-json\/wp\/v2\/media?parent=3916"}],"wp:term":[{"taxonomy":"category","embeddable":true,"href":"https:\/\/apub.org.br\/siteantigo\/wp-json\/wp\/v2\/categories?post=3916"},{"taxonomy":"post_tag","embeddable":true,"href":"https:\/\/apub.org.br\/siteantigo\/wp-json\/wp\/v2\/tags?post=3916"}],"curies":[{"name":"wp","href":"https:\/\/api.w.org\/{rel}","templated":true}]}}