{"id":39233,"date":"2022-07-08T09:47:00","date_gmt":"2022-07-08T12:47:00","guid":{"rendered":"http:\/\/apub.org.br\/?p=39233"},"modified":"2022-07-08T09:48:00","modified_gmt":"2022-07-08T12:48:00","slug":"escanteadas-ciencia-e-educacao-seguem-na-uti-no-governo-bolsonaro","status":"publish","type":"post","link":"https:\/\/apub.org.br\/siteantigo\/escanteadas-ciencia-e-educacao-seguem-na-uti-no-governo-bolsonaro\/","title":{"rendered":"Escanteadas, ci\u00eancia e educa\u00e7\u00e3o seguem na UTI no governo Bolsonaro"},"content":{"rendered":"\n<div class=\"wp-block-image\"><figure class=\"aligncenter size-large\"><img fetchpriority=\"high\" decoding=\"async\" width=\"1024\" height=\"512\" src=\"http:\/\/apub.org.br\/wp-content\/uploads\/2022\/07\/APUB-Escanteadas-ciencia-e-educacao-seguem-na-UTI-REDES-1024x512.jpg\" alt=\"\" class=\"wp-image-39234\" srcset=\"https:\/\/apub.org.br\/siteantigo\/wp-content\/uploads\/2022\/07\/APUB-Escanteadas-ciencia-e-educacao-seguem-na-UTI-REDES-1024x512.jpg 1024w, https:\/\/apub.org.br\/siteantigo\/wp-content\/uploads\/2022\/07\/APUB-Escanteadas-ciencia-e-educacao-seguem-na-UTI-REDES-300x150.jpg 300w, https:\/\/apub.org.br\/siteantigo\/wp-content\/uploads\/2022\/07\/APUB-Escanteadas-ciencia-e-educacao-seguem-na-UTI-REDES-768x384.jpg 768w, https:\/\/apub.org.br\/siteantigo\/wp-content\/uploads\/2022\/07\/APUB-Escanteadas-ciencia-e-educacao-seguem-na-UTI-REDES.jpg 1200w\" sizes=\"(max-width: 1024px) 100vw, 1024px\" \/><\/figure><\/div>\n\n\n\n<p class=\"justificado\">A ci\u00eancia e educa\u00e7\u00e3o nunca foram prioridades na gest\u00e3o de Jair Bolsonaro. Com uma frequ\u00eancia absurda, o presidente e a sua equipe anunciam cortes e bloqueios or\u00e7ament\u00e1rios que afetam o pleno desenvolvimento de \u00e1reas fundamentais para o Brasil.<\/p>\n\n\n\n<p class=\"justificado\">Al\u00e9m de afetar a infraestrutura e o bom funcionamento, por exemplo, de universidades e institutos federais, essas medidas v\u00eam acompanhadas de um desprezo pela pesquisa e pelo futuro do pa\u00eds.<\/p>\n\n\n\n<p class=\"justificado\">Recentemente, a divulga\u00e7\u00e3o do Relat\u00f3rio de Avalia\u00e7\u00e3o de Receitas e Despesas do segundo bimestre de 2022, publicado pela Secretaria Especial do Tesouro e Or\u00e7amentos, mostrou a gravidade dessa situa\u00e7\u00e3o.<\/p>\n\n\n\n<p class=\"justificado\">De acordo com o documento, o Minist\u00e9rio da Ci\u00eancia e Tecnologia lidera o bloqueio or\u00e7ament\u00e1rio&nbsp; \u2013 totalizando R$ 2,5 bilh\u00f5es contingenciados. O MEC, que foi transformado em um balc\u00e3o de neg\u00f3cios corruptos pelo governo Bolsonaro, surge na sequ\u00eancia com R$ 1,598 bilh\u00e3o. A Sa\u00fade, em tempos ainda de pandemia, vem na terceira posi\u00e7\u00e3o com R$ 1,253 bilh\u00e3o cortado.<\/p>\n\n\n\n<p class=\"justificado\">Na pr\u00e1tica, quais s\u00e3o os impactos desse desmonte? No caso da ci\u00eancia, o valor bloqueado atinge diretamente o Fundo Nacional de Desenvolvimento Cient\u00edfico e Tecnol\u00f3gico (FNDCT). Com 44,76% a menos do repasse destinado para pesquisas do que o previsto em 2021, a medida impactar\u00e1 pelos menos 52 projetos que t\u00eam como tema a Amaz\u00f4nia, biotecnologia, mudan\u00e7as clim\u00e1ticas, defensivos agr\u00edcolas sustent\u00e1veis e minera\u00e7\u00e3o (\u00e1reas que s\u00e3o fundamentais para a economia do pa\u00eds).<\/p>\n\n\n\n<p class=\"justificado\">Se n\u00e3o bastassem os cortes, Bolsonaro e a sua equipe tornam ainda mais complicado o acesso das universidades p\u00fablicas a fontes de capta\u00e7\u00e3o de recursos para pesquisas. Atualmente, o governo age na contram\u00e3o das necessidades das institui\u00e7\u00f5es de ensino superior e prop\u00f5e, por exemplo, a diminui\u00e7\u00e3o da redistribui\u00e7\u00e3o dos recursos do Pr\u00e9-sal para essa finalidade.<\/p>\n\n\n\n<p>\u00c9 absurdo atr\u00e1s de absurdo.<\/p>\n\n\n\n<p><strong>Situa\u00e7\u00e3o alarmante<\/strong><\/p>\n\n\n\n<p class=\"justificado\">Uma an\u00e1lise de dados minuciosa da rede de televis\u00e3o CNN, com base em informa\u00e7\u00f5es do painel da Associa\u00e7\u00e3o Nacional dos Dirigentes das Institui\u00e7\u00f5es Federais de Ensino Superior (Andifes), revelou que 88% das universidades federais amargaram preju\u00edzos milion\u00e1rios ap\u00f3s o corte mais recente de 7,2% no or\u00e7amento feito pelo Governo Federal. O estudo levou em conta o or\u00e7amento das 69 institui\u00e7\u00f5es federais em funcionamento no pa\u00eds.<\/p>\n\n\n\n<p class=\"justificado\">O que isso significa? As perdas simplesmente dobraram. Se at\u00e9 junho deste ano o acumulado era de R$ 312 milh\u00f5es, agora totalizam R$ 621 milh\u00f5es. Esse montante j\u00e1 estava bloqueado desde o fim de maio.<\/p>\n\n\n\n<p class=\"justificado\">Em comunicado oficial, a Universidade Federal da Bahia (UFBA) falou em &#8220;inviabilidade financeira\u201d diante dos in\u00fameros cortes abusivos decretados pelo Governo Federal. De acordo com a institui\u00e7\u00e3o, as perdas acumuladas, entre 2016 e 2022, chegam a R$ 80 milh\u00f5es. Esse valor leva em conta a defasagem no repasse do governo e a alta da infla\u00e7\u00e3o, que acumula um aumento de 36% nesse per\u00edodo, de acordo com o IBGE.<\/p>\n\n\n\n<p class=\"justificado\">Se n\u00e3o bastassem os cortes abruptos nos or\u00e7amentos destinados \u00e0 ci\u00eancia e \u00e0 educa\u00e7\u00e3o, o MEC segue em um desmonte impressionante e pautado na corrup\u00e7\u00e3o, tr\u00e1fico de influ\u00eancia e com in\u00fameras den\u00fancias envolvendo pastores, o ex-ministro Milton Ribeiro e o pr\u00f3prio Bolsonaro.<\/p>\n\n\n\n<p class=\"justificado\">N\u00e3o podemos deixar as universidades p\u00fablicas fecharem as portas. \u00c9 preciso respeito, valoriza\u00e7\u00e3o e investimentos urgentes. Isso precisa mudar!<\/p>\n\n\n\n<p>Fonte: APUB<\/p>\n","protected":false},"excerpt":{"rendered":"<p>A ci\u00eancia e educa\u00e7\u00e3o nunca foram prioridades na gest\u00e3o de Jair Bolsonaro. Com uma frequ\u00eancia absurda, o presidente e a sua equipe anunciam cortes e bloqueios or\u00e7ament\u00e1rios que afetam o pleno desenvolvimento de \u00e1reas fundamentais para o Brasil. Al\u00e9m de afetar a infraestrutura e o bom funcionamento, por exemplo, de universidades e institutos federais, essas [&hellip;]<\/p>\n","protected":false},"author":2,"featured_media":39235,"comment_status":"closed","ping_status":"closed","sticky":false,"template":"","format":"standard","meta":{"footnotes":""},"categories":[760,530,146],"tags":[],"class_list":["post-39233","post","type-post","status-publish","format-standard","has-post-thumbnail","hentry","category-comunicacao","category-destaques-1","category-latest-news"],"_links":{"self":[{"href":"https:\/\/apub.org.br\/siteantigo\/wp-json\/wp\/v2\/posts\/39233","targetHints":{"allow":["GET"]}}],"collection":[{"href":"https:\/\/apub.org.br\/siteantigo\/wp-json\/wp\/v2\/posts"}],"about":[{"href":"https:\/\/apub.org.br\/siteantigo\/wp-json\/wp\/v2\/types\/post"}],"author":[{"embeddable":true,"href":"https:\/\/apub.org.br\/siteantigo\/wp-json\/wp\/v2\/users\/2"}],"replies":[{"embeddable":true,"href":"https:\/\/apub.org.br\/siteantigo\/wp-json\/wp\/v2\/comments?post=39233"}],"version-history":[{"count":1,"href":"https:\/\/apub.org.br\/siteantigo\/wp-json\/wp\/v2\/posts\/39233\/revisions"}],"predecessor-version":[{"id":39236,"href":"https:\/\/apub.org.br\/siteantigo\/wp-json\/wp\/v2\/posts\/39233\/revisions\/39236"}],"wp:featuredmedia":[{"embeddable":true,"href":"https:\/\/apub.org.br\/siteantigo\/wp-json\/wp\/v2\/media\/39235"}],"wp:attachment":[{"href":"https:\/\/apub.org.br\/siteantigo\/wp-json\/wp\/v2\/media?parent=39233"}],"wp:term":[{"taxonomy":"category","embeddable":true,"href":"https:\/\/apub.org.br\/siteantigo\/wp-json\/wp\/v2\/categories?post=39233"},{"taxonomy":"post_tag","embeddable":true,"href":"https:\/\/apub.org.br\/siteantigo\/wp-json\/wp\/v2\/tags?post=39233"}],"curies":[{"name":"wp","href":"https:\/\/api.w.org\/{rel}","templated":true}]}}