{"id":39369,"date":"2022-07-12T17:10:00","date_gmt":"2022-07-12T20:10:00","guid":{"rendered":"http:\/\/apub.org.br\/?p=39369"},"modified":"2022-07-15T17:38:22","modified_gmt":"2022-07-15T20:38:22","slug":"xviii-encontro-nacional-comeca-nesta-terca-feira-em-natal","status":"publish","type":"post","link":"https:\/\/apub.org.br\/siteantigo\/xviii-encontro-nacional-comeca-nesta-terca-feira-em-natal\/","title":{"rendered":"XVIII Encontro Nacional come\u00e7a nesta ter\u00e7a-feira em Natal"},"content":{"rendered":"\n<p><em>A edi\u00e7\u00e3o presencial \u00e9 a primeira ap\u00f3s dois anos e re\u00fane representantes da educa\u00e7\u00e3o brasileira de todos os cantos do pa\u00eds<\/em><\/p>\n\n\n\n<p>Come\u00e7ou hoje o&nbsp;<strong>XVIII Encontro Nacional do PROIFES Federa\u00e7\u00e3o<\/strong>&nbsp;em Natal, Rio Grande do Norte. A edi\u00e7\u00e3o, que acontece em um cen\u00e1rio de retomada das atividades presenciais, ap\u00f3s dois anos de pandemia, e em meio a ataques constantes ao ensino nacional brasileiro, aus\u00eancia de reajuste salarial dos servidores e servidoras, investidas contra a democracia e precariza\u00e7\u00e3o da educa\u00e7\u00e3o p\u00fablica brasileira re\u00fane observadores, convidados, palestrantes e representantes da diretoria e delega\u00e7\u00f5es de todos os sindicatos federados ao PROIFES na capital potiguar.<\/p>\n\n\n\n<p>Durante os dois dias de debates, assuntos relacionados \u00e0s Institui\u00e7\u00f5es Federais de Ensino Superior entram em pauta com a inten\u00e7\u00e3o de contribuir para tra\u00e7ar diretrizes de atua\u00e7\u00e3o da Federa\u00e7\u00e3o para o pr\u00f3ximo per\u00edodo.<\/p>\n\n\n\n<blockquote class=\"wp-block-quote is-layout-flow wp-block-quote-is-layout-flow\"><p>Conhe\u00e7a os&nbsp;<a href=\"https:\/\/www.eventosadurn.org\/eixos-tematicos\">eixos tem\u00e1ticos<\/a><\/p><\/blockquote>\n\n\n\n<p>O presidente da\u00a0<a href=\"https:\/\/www.adurn.org.br\/\">ADURN-Sindicato<\/a>,\u00a0<strong>Oswaldo Negr\u00e3o<\/strong>, abriu o evento de forma virtual. Afastado ap\u00f3s testar positivo para a Covid-19, o presidente exaltou a import\u00e2ncia do evento e a alegria do retorno da edi\u00e7\u00e3o presencial. \u201c<em>Em tempos de tantos desafios, o encontro presencial \u00e9 sempre uma alegria, \u00e9 uma possibilidade de troca, reencontro, acolhimento e na recomposi\u00e7\u00e3o das nossas energias para que sejamos perseverantes nas nossas lutas, em defesa do estado democr\u00e1tico de direito e da nossa constitui\u00e7\u00e3o<\/em>\u201d.<\/p>\n\n\n\n<p>Encerrando a solenidade,&nbsp;<strong>Wellington Duarte<\/strong>, presidente interino do PROIFES-Federa\u00e7\u00e3o, explicitou as lutas di\u00e1rias que consomem o povo brasileiro, rememorando os mortos pela pandemia, o caso&nbsp;<strong>Genivaldo de Jesus<\/strong>, recentemente morto covardemente pela Pol\u00edcia Federal em maio deste ano em Umba\u00faba, Sergipe \u201c<em>Ao reunir os professores do PROIFES para debater a nossa carreira acad\u00eamica precisamos olhar para esse cen\u00e1rio sombrio para compreender o papel que temos. N\u00e3o h\u00e1 mais espa\u00e7o para&nbsp;<\/em><em>absten\u00e7\u00e3o<\/em>\u201d disse ao tamb\u00e9m condenar a intensa amea\u00e7a de extin\u00e7\u00e3o dos povos ind\u00edgenas e o racionalismo fascista presente em todos o pa\u00eds e, em alguns casos, em nossas pr\u00f3prias fam\u00edlias.<\/p>\n\n\n\n<p>A mesa de abertura contou ainda com a presen\u00e7a de&nbsp;<strong>Edison Haubert<\/strong>, presidente do&nbsp;<a href=\"https:\/\/mosap.org.br\/\">MOSAP<\/a>,&nbsp;<strong>Heleno Ara\u00fajo<\/strong>, Presidente da&nbsp;<a href=\"https:\/\/www.cnte.org.br\/\">CNTE<\/a>,&nbsp;<strong>F\u00e1bio Guedes<\/strong>, secret\u00e1rio executivo do&nbsp;<a href=\"https:\/\/ictpbr.com.br\/\">ICTP.br<\/a>,&nbsp;<strong>Eduardo Pereyra<\/strong>, secret\u00e1rio de rela\u00e7\u00f5es internacionais da CTERA-CTA,&nbsp;<strong>Carlos de Feo<\/strong>, secret\u00e1rio geral da&nbsp;<a href=\"https:\/\/conadu.org.ar\/\">Conadu<\/a>,&nbsp;<strong>F\u00e1tima Silva<\/strong>, vice-presidenta regional da IEAL\/CNTE,&nbsp;<strong>Ariovaldo de Camargo<\/strong>, secret\u00e1rio de administra\u00e7\u00e3o e finan\u00e7as da&nbsp;<a href=\"https:\/\/www.cut.org.br\/\">CUT Nacional<\/a>,&nbsp;<strong>Jos\u00e9 Arn\u00f3bio<\/strong>, Reitor da&nbsp;<a href=\"https:\/\/portal.ifrn.edu.br\/\">IFRN<\/a>,&nbsp;<strong>Miriam dos Santos<\/strong>, pr\u00f3-reitora da Gest\u00e3o de Pessoas da&nbsp;<a href=\"https:\/\/www.ufrn.br\/\">UFRN<\/a>&nbsp;e&nbsp;<strong>Isaura Brand\u00e3o<\/strong>, vice-presidenta da&nbsp;<a href=\"https:\/\/www.adurn.org.br\/\">ADURN-Sindicato<\/a>.<\/p>\n\n\n\n<p>A solenidade contou com a presen\u00e7a ilustre da governadora do Rio Grande do Norte,&nbsp;<strong>F\u00e1tima Bezerra<\/strong>(PT\/RN) e mensagem do presidente do PROIFES,&nbsp;<strong>Nilton Brand\u00e3o<\/strong>, afastado da gest\u00e3o por problemas pessoais.<\/p>\n\n\n\n<div class=\"wp-block-image\"><figure class=\"aligncenter\"><img decoding=\"async\" src=\"https:\/\/www.proifes.org.br\/wp-content\/uploads\/2022\/07\/FXga1I4XEAAwgrh-300x200.jpeg\" alt=\"\" class=\"wp-image-15702\"\/><\/figure><\/div>\n\n\n\n<p>O evento segue por mais dois dias de debates e atividades em prol da educa\u00e7\u00e3o brasileira, para conferir a programa\u00e7\u00e3o completa, clique\u00a0<a href=\"https:\/\/www.eventosadurn.org\/programacao\">aqui<\/a>.<\/p>\n","protected":false},"excerpt":{"rendered":"<p>A edi\u00e7\u00e3o presencial \u00e9 a primeira ap\u00f3s dois anos e re\u00fane representantes da educa\u00e7\u00e3o brasileira de todos os cantos do pa\u00eds Come\u00e7ou hoje o&nbsp;XVIII Encontro Nacional do PROIFES Federa\u00e7\u00e3o&nbsp;em Natal, Rio Grande do Norte. A edi\u00e7\u00e3o, que acontece em um cen\u00e1rio de retomada das atividades presenciais, ap\u00f3s dois anos de pandemia, e em meio a [&hellip;]<\/p>\n","protected":false},"author":2,"featured_media":39370,"comment_status":"closed","ping_status":"closed","sticky":false,"template":"","format":"standard","meta":{"footnotes":""},"categories":[530,142,146],"tags":[],"class_list":["post-39369","post","type-post","status-publish","format-standard","has-post-thumbnail","hentry","category-destaques-1","category-proifes-2","category-latest-news"],"_links":{"self":[{"href":"https:\/\/apub.org.br\/siteantigo\/wp-json\/wp\/v2\/posts\/39369","targetHints":{"allow":["GET"]}}],"collection":[{"href":"https:\/\/apub.org.br\/siteantigo\/wp-json\/wp\/v2\/posts"}],"about":[{"href":"https:\/\/apub.org.br\/siteantigo\/wp-json\/wp\/v2\/types\/post"}],"author":[{"embeddable":true,"href":"https:\/\/apub.org.br\/siteantigo\/wp-json\/wp\/v2\/users\/2"}],"replies":[{"embeddable":true,"href":"https:\/\/apub.org.br\/siteantigo\/wp-json\/wp\/v2\/comments?post=39369"}],"version-history":[{"count":1,"href":"https:\/\/apub.org.br\/siteantigo\/wp-json\/wp\/v2\/posts\/39369\/revisions"}],"predecessor-version":[{"id":39371,"href":"https:\/\/apub.org.br\/siteantigo\/wp-json\/wp\/v2\/posts\/39369\/revisions\/39371"}],"wp:featuredmedia":[{"embeddable":true,"href":"https:\/\/apub.org.br\/siteantigo\/wp-json\/wp\/v2\/media\/39370"}],"wp:attachment":[{"href":"https:\/\/apub.org.br\/siteantigo\/wp-json\/wp\/v2\/media?parent=39369"}],"wp:term":[{"taxonomy":"category","embeddable":true,"href":"https:\/\/apub.org.br\/siteantigo\/wp-json\/wp\/v2\/categories?post=39369"},{"taxonomy":"post_tag","embeddable":true,"href":"https:\/\/apub.org.br\/siteantigo\/wp-json\/wp\/v2\/tags?post=39369"}],"curies":[{"name":"wp","href":"https:\/\/api.w.org\/{rel}","templated":true}]}}