{"id":39572,"date":"2022-07-25T16:31:02","date_gmt":"2022-07-25T19:31:02","guid":{"rendered":"http:\/\/apub.org.br\/?p=39572"},"modified":"2022-07-26T09:51:14","modified_gmt":"2022-07-26T12:51:14","slug":"apub-fala-sobre-o-xviii-encontro-nacional-do-proifes-e-a-segunda-edicao-da-conape","status":"publish","type":"post","link":"https:\/\/apub.org.br\/siteantigo\/apub-fala-sobre-o-xviii-encontro-nacional-do-proifes-e-a-segunda-edicao-da-conape\/","title":{"rendered":"APUB fala sobre o XVIII Encontro Nacional do Proifes e a segunda edi\u00e7\u00e3o da CONAPE"},"content":{"rendered":"\n<figure class=\"wp-block-audio\"><audio controls src=\"http:\/\/apub.org.br\/wp-content\/uploads\/2022\/07\/WhatsApp-Audio-2022-07-25-at-11.37.23.mp3\"><\/audio><\/figure>\n\n\n\n<p>A APUB Sindicato participou da edi\u00e7\u00e3o do Programa do Trabalhador, da r\u00e1dio Metr\u00f3pole, no \u00faltimo s\u00e1bado (23 de julho). Ana L\u00facia G\u00f3es, vice-presidenta da APUB, falou sobre como o sindicato est\u00e1 se organizando para o enfrentamento ao desinvestimento no ensino superior p\u00fablico no Brasil, sobre o XVIII Encontro Nacional do Proifes &#8211; Federa\u00e7\u00e3o e a segunda edi\u00e7\u00e3o da Confer\u00eancia Nacional Popular de Educa\u00e7\u00e3o (CONAPE).<\/p>\n\n\n\n<p>&#8220;Trata-se de um momento essencial para tra\u00e7ar diretrizes de atua\u00e7\u00e3o da federa\u00e7\u00e3o, e consequentemente do nosso sindicato, para o pr\u00f3ximo ano. Nesses tr\u00eas dias, produzimos mais de 130 propostas que ser\u00e3o analisadas com cuidado, para pensarmos em a\u00e7\u00f5es de defesa das institui\u00e7\u00f5es p\u00fablicas de educa\u00e7\u00e3o, combate ao desmonte, retomada do or\u00e7amento e amplia\u00e7\u00e3o de investimento. Pois entendemos que \u00e9 papel do Estado a manuten\u00e7\u00e3o das condi\u00e7\u00f5es b\u00e1sicas para oferecer ensino p\u00fablico, gratuito e de qualidade&#8221;, disse Ana L\u00facia na entrevista \u00e0 Raniere Alves.<\/p>\n\n\n\n<p><a href=\"https:\/\/open.spotify.com\/episode\/5g8UZK7t7w7DQ6oQ9G1JXx\">Confira a entrevista na \u00edntegra.<\/a><\/p>\n\n\n\n<figure class=\"wp-block-embed is-type-rich is-provider-spotify wp-block-embed-spotify wp-embed-aspect-21-9 wp-has-aspect-ratio\"><div class=\"wp-block-embed__wrapper\">\n<iframe title=\"Spotify Embed: Programa Do Trabalhador - 23 de julho - XVIII Encontro Nacional do Proifes e segunda edi\u00e7\u00e3o da CONAPE\" style=\"border-radius: 12px\" width=\"100%\" height=\"152\" frameborder=\"0\" allowfullscreen allow=\"autoplay; clipboard-write; encrypted-media; fullscreen; picture-in-picture\" src=\"https:\/\/open.spotify.com\/embed\/episode\/5g8UZK7t7w7DQ6oQ9G1JXx?utm_source=oembed\"><\/iframe>\n<\/div><\/figure>\n","protected":false},"excerpt":{"rendered":"<p>A APUB Sindicato participou da edi\u00e7\u00e3o do Programa do Trabalhador, da r\u00e1dio Metr\u00f3pole, no \u00faltimo s\u00e1bado (23 de julho). Ana L\u00facia G\u00f3es, vice-presidenta da APUB, falou sobre como o sindicato est\u00e1 se organizando para o enfrentamento ao desinvestimento no ensino superior p\u00fablico no Brasil, sobre o XVIII Encontro Nacional do Proifes &#8211; Federa\u00e7\u00e3o e a [&hellip;]<\/p>\n","protected":false},"author":2,"featured_media":39574,"comment_status":"closed","ping_status":"closed","sticky":false,"template":"","format":"standard","meta":{"footnotes":""},"categories":[530,871,142,146],"tags":[177,559,290,887,437],"class_list":["post-39572","post","type-post","status-publish","format-standard","has-post-thumbnail","hentry","category-destaques-1","category-programa-do-trabalhador","category-proifes-2","category-latest-news","tag-apub-sindicato-2","tag-conape","tag-ensino-superior","tag-programa-do-trabalhador","tag-proifes"],"_links":{"self":[{"href":"https:\/\/apub.org.br\/siteantigo\/wp-json\/wp\/v2\/posts\/39572","targetHints":{"allow":["GET"]}}],"collection":[{"href":"https:\/\/apub.org.br\/siteantigo\/wp-json\/wp\/v2\/posts"}],"about":[{"href":"https:\/\/apub.org.br\/siteantigo\/wp-json\/wp\/v2\/types\/post"}],"author":[{"embeddable":true,"href":"https:\/\/apub.org.br\/siteantigo\/wp-json\/wp\/v2\/users\/2"}],"replies":[{"embeddable":true,"href":"https:\/\/apub.org.br\/siteantigo\/wp-json\/wp\/v2\/comments?post=39572"}],"version-history":[{"count":4,"href":"https:\/\/apub.org.br\/siteantigo\/wp-json\/wp\/v2\/posts\/39572\/revisions"}],"predecessor-version":[{"id":39579,"href":"https:\/\/apub.org.br\/siteantigo\/wp-json\/wp\/v2\/posts\/39572\/revisions\/39579"}],"wp:featuredmedia":[{"embeddable":true,"href":"https:\/\/apub.org.br\/siteantigo\/wp-json\/wp\/v2\/media\/39574"}],"wp:attachment":[{"href":"https:\/\/apub.org.br\/siteantigo\/wp-json\/wp\/v2\/media?parent=39572"}],"wp:term":[{"taxonomy":"category","embeddable":true,"href":"https:\/\/apub.org.br\/siteantigo\/wp-json\/wp\/v2\/categories?post=39572"},{"taxonomy":"post_tag","embeddable":true,"href":"https:\/\/apub.org.br\/siteantigo\/wp-json\/wp\/v2\/tags?post=39572"}],"curies":[{"name":"wp","href":"https:\/\/api.w.org\/{rel}","templated":true}]}}