{"id":40200,"date":"2022-08-31T14:14:17","date_gmt":"2022-08-31T17:14:17","guid":{"rendered":"http:\/\/apub.org.br\/?p=40200"},"modified":"2022-08-31T14:14:23","modified_gmt":"2022-08-31T17:14:23","slug":"gt-de-direitos-humanos-se-reune-em-brasilia-para-encaminhamentos-sobre-o-iv-encontro-nacional","status":"publish","type":"post","link":"https:\/\/apub.org.br\/siteantigo\/gt-de-direitos-humanos-se-reune-em-brasilia-para-encaminhamentos-sobre-o-iv-encontro-nacional\/","title":{"rendered":"GT de Direitos Humanos se re\u00fane em Bras\u00edlia para encaminhamentos sobre o IV Encontro Nacional"},"content":{"rendered":"\n<p><em><strong>Na pauta, houve a preocupa\u00e7\u00e3o com a seguran\u00e7a dos convidados e a log\u00edstica de transporte para as atividades programadas.<\/strong><\/em><\/p>\n\n\n\n<p>Nesta ter\u00e7a-feira, a sede do PROIFES recebeu os membros do Conselho Deliberativo para a sua pr\u00f3xima Reuni\u00e3o, paralela \u00e0s atividades, reuniram-se hoje os membros do Grupo de Trabalho de Direitos Humanos.<\/p>\n\n\n\n<p>Dando continuidade \u00e0s preparat\u00f3rias do IV Encontro Nacional dos Direitos Humanos, que este ano acontecer\u00e1 em Curitiba (PR), entre os dias 7 e 9 de setembro, os membros do GT se reuniram de maneira h\u00edbrida com outros participantes de todo o pa\u00eds, al\u00e9m de sindicalizados do SINDIEDUTEC.<\/p>\n\n\n\n<p>Na pauta, mantiveram a preocupa\u00e7\u00e3o com a seguran\u00e7a dos convidados e a log\u00edstica de transporte para as atividades programadas que em breve ser\u00e3o divulgadas nas redes sociais do PROIFES.<\/p>\n\n\n\n<p>Participaram da reuni\u00e3o a diretora do GT, Rosangela Gon\u00e7alves, Ana Maria Trindade (SINDIEDUTEC), Oswaldo Negr\u00e3o (ADURN) e o presidente interino do PROIFES, Wellington Duarte.<\/p>\n\n\n\n<p>Virtualmente, marcaram presen\u00e7a Maria Elizabeth, Luciana Rocha, Luciene Dias, Dina Menezes, Luciana Nunes, Adauto Locatelli, Luciana Silva Rocha e Maria Luiza Saraiva.<\/p>\n\n\n\n<p><strong>Sobre o IV Encontro Nacional<\/strong><br><em>Esta edi\u00e7\u00e3o acontece no anivers\u00e1rio de 200 anos da independ\u00eancia do Brasil.<\/em><\/p>\n\n\n\n<p>No bicenten\u00e1rio da independ\u00eancia, o pa\u00eds sofre com 19 milh\u00f5es de pessoas passando fome, 51% das resist\u00eancias do pa\u00eds em situa\u00e7\u00e3o de inseguran\u00e7a alimentar, aumento da viol\u00eancia armada e desmonte dos servi\u00e7os p\u00fablicos. Neste momento o PROIFES realiza um encontro que promove um olhar para crise social, econ\u00f4mica e pol\u00edtica. O Grupo de Trabalho de Direitos Humanos da Federa\u00e7\u00e3o realiza o evento para refor\u00e7ar a defesa e promo\u00e7\u00e3o dos direitos humanos, fundamentais para a constru\u00e7\u00e3o da democracia e redu\u00e7\u00e3o das desigualdades sociais. <\/p>\n\n\n\n<p>O evento busca ser um marco de esperan\u00e7a e forma\u00e7\u00e3o a todos os sindicatos federados ao PROIFES. Aguardamos sua presen\u00e7a.<\/p>\n\n\n\n<p><em>Fonte PROIFES<\/em><\/p>\n","protected":false},"excerpt":{"rendered":"<p>Na pauta, houve a preocupa\u00e7\u00e3o com a seguran\u00e7a dos convidados e a log\u00edstica de transporte para as atividades programadas. Nesta ter\u00e7a-feira, a sede do PROIFES recebeu os membros do Conselho Deliberativo para a sua pr\u00f3xima Reuni\u00e3o, paralela \u00e0s atividades, reuniram-se hoje os membros do Grupo de Trabalho de Direitos Humanos. Dando continuidade \u00e0s preparat\u00f3rias do [&hellip;]<\/p>\n","protected":false},"author":2,"featured_media":40201,"comment_status":"closed","ping_status":"closed","sticky":false,"template":"","format":"standard","meta":{"footnotes":""},"categories":[139,142,146],"tags":[274,437,517],"class_list":["post-40200","post","type-post","status-publish","format-standard","has-post-thumbnail","hentry","category-educacao","category-proifes-2","category-latest-news","tag-educacao","tag-proifes","tag-universidades"],"_links":{"self":[{"href":"https:\/\/apub.org.br\/siteantigo\/wp-json\/wp\/v2\/posts\/40200","targetHints":{"allow":["GET"]}}],"collection":[{"href":"https:\/\/apub.org.br\/siteantigo\/wp-json\/wp\/v2\/posts"}],"about":[{"href":"https:\/\/apub.org.br\/siteantigo\/wp-json\/wp\/v2\/types\/post"}],"author":[{"embeddable":true,"href":"https:\/\/apub.org.br\/siteantigo\/wp-json\/wp\/v2\/users\/2"}],"replies":[{"embeddable":true,"href":"https:\/\/apub.org.br\/siteantigo\/wp-json\/wp\/v2\/comments?post=40200"}],"version-history":[{"count":3,"href":"https:\/\/apub.org.br\/siteantigo\/wp-json\/wp\/v2\/posts\/40200\/revisions"}],"predecessor-version":[{"id":40204,"href":"https:\/\/apub.org.br\/siteantigo\/wp-json\/wp\/v2\/posts\/40200\/revisions\/40204"}],"wp:featuredmedia":[{"embeddable":true,"href":"https:\/\/apub.org.br\/siteantigo\/wp-json\/wp\/v2\/media\/40201"}],"wp:attachment":[{"href":"https:\/\/apub.org.br\/siteantigo\/wp-json\/wp\/v2\/media?parent=40200"}],"wp:term":[{"taxonomy":"category","embeddable":true,"href":"https:\/\/apub.org.br\/siteantigo\/wp-json\/wp\/v2\/categories?post=40200"},{"taxonomy":"post_tag","embeddable":true,"href":"https:\/\/apub.org.br\/siteantigo\/wp-json\/wp\/v2\/tags?post=40200"}],"curies":[{"name":"wp","href":"https:\/\/api.w.org\/{rel}","templated":true}]}}