{"id":40207,"date":"2022-09-01T09:00:00","date_gmt":"2022-09-01T12:00:00","guid":{"rendered":"http:\/\/www.apub.org.br\/?p=40207"},"modified":"2022-08-31T22:41:44","modified_gmt":"2022-09-01T01:41:44","slug":"sem-investimentos-o-brasil-deixa-de-formar-novos-pesquisadores","status":"publish","type":"post","link":"https:\/\/apub.org.br\/siteantigo\/sem-investimentos-o-brasil-deixa-de-formar-novos-pesquisadores\/","title":{"rendered":"Sem investimentos, o Brasil deixa de formar novos pesquisadores"},"content":{"rendered":"\n<div class=\"wp-block-image\"><figure class=\"aligncenter size-large\"><img fetchpriority=\"high\" decoding=\"async\" width=\"1024\" height=\"512\" src=\"http:\/\/www.apub.org.br\/wp-content\/uploads\/2022\/08\/APUB-Sem-investimentos-o-Brasil-deixa-de-formar-novos-pesquisadores-1024x512.jpg\" alt=\"\" class=\"wp-image-40208\" srcset=\"https:\/\/apub.org.br\/siteantigo\/wp-content\/uploads\/2022\/08\/APUB-Sem-investimentos-o-Brasil-deixa-de-formar-novos-pesquisadores-1024x512.jpg 1024w, https:\/\/apub.org.br\/siteantigo\/wp-content\/uploads\/2022\/08\/APUB-Sem-investimentos-o-Brasil-deixa-de-formar-novos-pesquisadores-300x150.jpg 300w, https:\/\/apub.org.br\/siteantigo\/wp-content\/uploads\/2022\/08\/APUB-Sem-investimentos-o-Brasil-deixa-de-formar-novos-pesquisadores-768x384.jpg 768w, https:\/\/apub.org.br\/siteantigo\/wp-content\/uploads\/2022\/08\/APUB-Sem-investimentos-o-Brasil-deixa-de-formar-novos-pesquisadores.jpg 1200w\" sizes=\"(max-width: 1024px) 100vw, 1024px\" \/><\/figure><\/div>\n\n\n\n<p class=\"justificado\">Cada vez mais sucateadas, a educa\u00e7\u00e3o e a ci\u00eancia, t\u00e3o essenciais para o desenvolvimento do pa\u00eds, perdem potenciais talentos todos os dias. Prova disso \u00e9 o desinteresse dos estudantes pelos programas de p\u00f3s-gradua\u00e7\u00e3o diante da falta de investimentos e de garantias que permitam a dedica\u00e7\u00e3o exclusiva \u00e0s rotinas acad\u00eamicas. Essa crise de recursos humanos coloca o Brasil em uma complicada situa\u00e7\u00e3o de vulnerabilidade.<\/p>\n\n\n\n<p class=\"justificado\">O descaso com o futuro da nossa na\u00e7\u00e3o chegou ao auge em 2022, quando, ap\u00f3s nove anos de congelamento, as bolsas ofertadas pela Capes e o CNPq atingiram o menor valor real em 30 anos. S\u00f3 para se ter uma ideia, em 1995, um bolsista de doutorado recebia R$ 1.073, \u00e0 \u00e9poca, em torno de 10 sal\u00e1rios-m\u00ednimos.<\/p>\n\n\n\n<p class=\"justificado\">Em 2013, a mesma bolsa chegou a R$ 2,2 mil, ou seja, 4 sal\u00e1rios-m\u00ednimos ou o suficiente para adquirir seis cestas b\u00e1sicas. Atualmente, estacionada nesse valor, n\u00e3o equivale a 2 sal\u00e1rios-m\u00ednimos e permite a compra de, no m\u00e1ximo, 3 cestas b\u00e1sicas.<\/p>\n\n\n\n<p><strong>Chances de evas\u00e3o<\/strong><\/p>\n\n\n\n<p class=\"justificado\">O desmonte promovido pelo Governo Federal provocou uma fuga da academia e a situa\u00e7\u00e3o pode se agravar. O Instituto Federal da Bahia (IFBA) e a Universidade Federal do Rec\u00f4ncavo da Bahia (UFRB) j\u00e1 se pronunciaram afirmando que, caso o bloqueio do MEC se mantenha, devem suspender o funcionamento em setembro.<\/p>\n\n\n\n<p class=\"justificado\">O bloqueio do chamado or\u00e7amento discricion\u00e1rio, fundamental para assegurar contas b\u00e1sicas, como \u00e1gua e energia, al\u00e9m de garantir bolsas de monitoria, de pesquisas acad\u00eamicas e de assist\u00eancia estudantil, representam, na Universidade Federal da Bahia (UFBA), cerca de R$ 26 milh\u00f5es a menos para as suas atividades.<\/p>\n\n\n\n<p class=\"justificado\">A situa\u00e7\u00e3o cria um clima de incertezas para o segundo semestre de 2022, j\u00e1 que a institui\u00e7\u00e3o tamb\u00e9m corre o risco de fechar as portas. H\u00e1 relatos, inclusive, de estudantes que n\u00e3o est\u00e3o conseguindo nem sequer se alimentar por conta dos valores reduzidos dos benef\u00edcios, situa\u00e7\u00e3o que deve ajudar a provocar uma onda gigantesca de evas\u00e3o.<\/p>\n\n\n\n<p class=\"justificado\">No caso da UFBA, a situa\u00e7\u00e3o vem se agravando desde 2019, quando a institui\u00e7\u00e3o foi uma das primeiras a ter sofrer cortes or\u00e7ament\u00e1rios. Em 2020, a redu\u00e7\u00e3o foi de 5% para as verbas de custeio na compara\u00e7\u00e3o com o or\u00e7amento de 2019. No ano passado, a redu\u00e7\u00e3o foi de 18%. Em 2022, a Universidade Federal da Bahia voltou a ter o or\u00e7amento registrado em 2010, ou seja, completamente fora da realidade atual.<\/p>\n\n\n\n<p class=\"justificado\">Sem incentivo para a forma\u00e7\u00e3o de pesquisadores, o pa\u00eds segue rumo ao obscurantismo. A falta de est\u00edmulo \u00e0 produ\u00e7\u00e3o de conhecimento coloca o Brasil em desvantagem diante de outras na\u00e7\u00f5es, criando uma rela\u00e7\u00e3o cada vez maior de depend\u00eancia quanto aos trabalhos desenvolvidos em outros pa\u00edses.<\/p>\n\n\n\n<p class=\"justificado\">Com o tempo, deixamos de ser produtores para nos tornarmos importadores de conhecimento.<\/p>\n\n\n\n<p class=\"justificado\">Sem perspectivas, o Brasil promove uma lament\u00e1vel \u201cfuga de c\u00e9rebros\u201d. Sem apoio, pesquisadores altamente qualificados est\u00e3o buscando oportunidades em outros pa\u00edses. Esse movimento coloca em risco o progresso do pa\u00eds, que deixa de dedicar aten\u00e7\u00e3o especial a \u00e1reas altamente estrat\u00e9gicas em detrimento de garantir, por exemplo, o desejo de reelei\u00e7\u00e3o do presidente por meio do desvio de verbas desses setores para outros considerados mais priorit\u00e1rios aos planos eleitoreiros do presidente.<\/p>\n\n\n\n<p class=\"justificado\">Jair Bolsonaro deixar\u00e1 um legado de retrocessos, que colocam em risco conquistas importantes obtidas nas \u00faltimas d\u00e9cadas. Um desastre que trar\u00e1 consequ\u00eancias muito pesadas ao pa\u00eds e para toda a sociedade.<\/p>\n\n\n\n<p>Isso precisa parar!<\/p>\n\n\n\n<p>Fonte: APUB<\/p>\n","protected":false},"excerpt":{"rendered":"<p>Cada vez mais sucateadas, a educa\u00e7\u00e3o e a ci\u00eancia, t\u00e3o essenciais para o desenvolvimento do pa\u00eds, perdem potenciais talentos todos os dias. Prova disso \u00e9 o desinteresse dos estudantes pelos programas de p\u00f3s-gradua\u00e7\u00e3o diante da falta de investimentos e de garantias que permitam a dedica\u00e7\u00e3o exclusiva \u00e0s rotinas acad\u00eamicas. Essa crise de recursos humanos coloca [&hellip;]<\/p>\n","protected":false},"author":2,"featured_media":40209,"comment_status":"closed","ping_status":"closed","sticky":false,"template":"","format":"standard","meta":{"footnotes":""},"categories":[760,530,146],"tags":[],"class_list":["post-40207","post","type-post","status-publish","format-standard","has-post-thumbnail","hentry","category-comunicacao","category-destaques-1","category-latest-news"],"_links":{"self":[{"href":"https:\/\/apub.org.br\/siteantigo\/wp-json\/wp\/v2\/posts\/40207","targetHints":{"allow":["GET"]}}],"collection":[{"href":"https:\/\/apub.org.br\/siteantigo\/wp-json\/wp\/v2\/posts"}],"about":[{"href":"https:\/\/apub.org.br\/siteantigo\/wp-json\/wp\/v2\/types\/post"}],"author":[{"embeddable":true,"href":"https:\/\/apub.org.br\/siteantigo\/wp-json\/wp\/v2\/users\/2"}],"replies":[{"embeddable":true,"href":"https:\/\/apub.org.br\/siteantigo\/wp-json\/wp\/v2\/comments?post=40207"}],"version-history":[{"count":1,"href":"https:\/\/apub.org.br\/siteantigo\/wp-json\/wp\/v2\/posts\/40207\/revisions"}],"predecessor-version":[{"id":40210,"href":"https:\/\/apub.org.br\/siteantigo\/wp-json\/wp\/v2\/posts\/40207\/revisions\/40210"}],"wp:featuredmedia":[{"embeddable":true,"href":"https:\/\/apub.org.br\/siteantigo\/wp-json\/wp\/v2\/media\/40209"}],"wp:attachment":[{"href":"https:\/\/apub.org.br\/siteantigo\/wp-json\/wp\/v2\/media?parent=40207"}],"wp:term":[{"taxonomy":"category","embeddable":true,"href":"https:\/\/apub.org.br\/siteantigo\/wp-json\/wp\/v2\/categories?post=40207"},{"taxonomy":"post_tag","embeddable":true,"href":"https:\/\/apub.org.br\/siteantigo\/wp-json\/wp\/v2\/tags?post=40207"}],"curies":[{"name":"wp","href":"https:\/\/api.w.org\/{rel}","templated":true}]}}