{"id":40225,"date":"2022-09-02T15:01:37","date_gmt":"2022-09-02T18:01:37","guid":{"rendered":"http:\/\/apub.org.br\/?p=40225"},"modified":"2022-09-02T15:51:07","modified_gmt":"2022-09-02T18:51:07","slug":"apub-debate-o-brasil-ciclo-de-discussoes-sera-iniciado-com-abordagem-sobre-a-democracia-brasileira","status":"publish","type":"post","link":"https:\/\/apub.org.br\/siteantigo\/apub-debate-o-brasil-ciclo-de-discussoes-sera-iniciado-com-abordagem-sobre-a-democracia-brasileira\/","title":{"rendered":"APUB debate o Brasil: ciclo de discuss\u00f5es ser\u00e1 iniciado com abordagem sobre a democracia brasileira"},"content":{"rendered":"\n<p>Em setembro, a APUB dar\u00e1 in\u00edcio a uma s\u00e9rie de discuss\u00f5es sobre temas de interesse nacional, que reunir\u00e1 intelectuais e pesquisadoras\/es de diferentes \u00e1reas no ciclo &#8220;APUB debate o Brasil&#8221;. Reconhecendo que o pa\u00eds vive um momento delicado de sua hist\u00f3ria, o ciclo pretende n\u00e3o apenas auxiliar nas an\u00e1lises e compreens\u00e3o deste per\u00edodo, mas sobretudo contribuir na retomada da constru\u00e7\u00e3o de um pa\u00eds mais igualit\u00e1rio, justo e solid\u00e1rio, que passa necessariamente pelo fortalecimento do debate p\u00fablico, livre e plural.<\/p>\n\n\n\n<p>A primeira atividade ser\u00e1 um semin\u00e1rio no pr\u00f3ximo dia 16, no audit\u00f3rio da sede do sindicato, com duas mesas de debate acerca do estado da democracia brasileira. A primeira mesa &#8220;Como vota o brasileiro&#8221;, \u00e0s 10h, contar\u00e1 com os cientistas pol\u00edticos, Oswaldo Amaral da UNICAMP, Daniela Campello da Funda\u00e7\u00e3o Get\u00falio Vargas e M\u00e1rcio Andr\u00e9 dos Santos do campus dos Mal\u00eas da UNILAB, este na media\u00e7\u00e3o.<\/p>\n\n\n\n<p>A segunda mesa, &#8220;Presidencialismo de Coaliz\u00e3o e Limites da Democracia&#8221;, \u00e0s 14h30, traz o tamb\u00e9m cientista pol\u00edtico e jornalista S\u00e9rgio Abranches e o fil\u00f3sofo e te\u00f3rico cr\u00edtico Marcos Nobre da UNICAMP e presidente do Centro Brasileiro de An\u00e1lise e Planejamento (CEBRAP), com media\u00e7\u00e3o de Paulo F\u00e1bio Dantas da Faculdade de Filosofia e Ci\u00eancias Humanas da UFBA.<\/p>\n\n\n\n<p>O ciclo tamb\u00e9m ser\u00e1 transmitido pelo canal da APUB no Youtube e ter\u00e1 periodicidade mensal.<\/p>\n","protected":false},"excerpt":{"rendered":"<p>Em setembro, a APUB dar\u00e1 in\u00edcio a uma s\u00e9rie de discuss\u00f5es sobre temas de interesse nacional, que reunir\u00e1 intelectuais e pesquisadoras\/es de diferentes \u00e1reas no ciclo &#8220;APUB debate o Brasil&#8221;. Reconhecendo que o pa\u00eds vive um momento delicado de sua hist\u00f3ria, o ciclo pretende n\u00e3o apenas auxiliar nas an\u00e1lises e compreens\u00e3o deste per\u00edodo, mas sobretudo [&hellip;]<\/p>\n","protected":false},"author":2,"featured_media":40236,"comment_status":"closed","ping_status":"closed","sticky":false,"template":"","format":"standard","meta":{"footnotes":""},"categories":[146],"tags":[],"class_list":["post-40225","post","type-post","status-publish","format-standard","has-post-thumbnail","hentry","category-latest-news"],"_links":{"self":[{"href":"https:\/\/apub.org.br\/siteantigo\/wp-json\/wp\/v2\/posts\/40225","targetHints":{"allow":["GET"]}}],"collection":[{"href":"https:\/\/apub.org.br\/siteantigo\/wp-json\/wp\/v2\/posts"}],"about":[{"href":"https:\/\/apub.org.br\/siteantigo\/wp-json\/wp\/v2\/types\/post"}],"author":[{"embeddable":true,"href":"https:\/\/apub.org.br\/siteantigo\/wp-json\/wp\/v2\/users\/2"}],"replies":[{"embeddable":true,"href":"https:\/\/apub.org.br\/siteantigo\/wp-json\/wp\/v2\/comments?post=40225"}],"version-history":[{"count":3,"href":"https:\/\/apub.org.br\/siteantigo\/wp-json\/wp\/v2\/posts\/40225\/revisions"}],"predecessor-version":[{"id":40237,"href":"https:\/\/apub.org.br\/siteantigo\/wp-json\/wp\/v2\/posts\/40225\/revisions\/40237"}],"wp:featuredmedia":[{"embeddable":true,"href":"https:\/\/apub.org.br\/siteantigo\/wp-json\/wp\/v2\/media\/40236"}],"wp:attachment":[{"href":"https:\/\/apub.org.br\/siteantigo\/wp-json\/wp\/v2\/media?parent=40225"}],"wp:term":[{"taxonomy":"category","embeddable":true,"href":"https:\/\/apub.org.br\/siteantigo\/wp-json\/wp\/v2\/categories?post=40225"},{"taxonomy":"post_tag","embeddable":true,"href":"https:\/\/apub.org.br\/siteantigo\/wp-json\/wp\/v2\/tags?post=40225"}],"curies":[{"name":"wp","href":"https:\/\/api.w.org\/{rel}","templated":true}]}}