{"id":40228,"date":"2022-09-02T15:20:34","date_gmt":"2022-09-02T18:20:34","guid":{"rendered":"http:\/\/apub.org.br\/?p=40228"},"modified":"2022-09-02T15:22:37","modified_gmt":"2022-09-02T18:22:37","slug":"e-preciso-frear-a-violencia-politica-com-urgencia1514","status":"publish","type":"post","link":"https:\/\/apub.org.br\/siteantigo\/e-preciso-frear-a-violencia-politica-com-urgencia1514\/","title":{"rendered":"\u00c9 preciso frear a viol\u00eancia pol\u00edtica com urg\u00eancia!15:14"},"content":{"rendered":"\n<div class=\"wp-block-image\"><figure class=\"aligncenter size-full\"><img fetchpriority=\"high\" decoding=\"async\" width=\"800\" height=\"800\" src=\"http:\/\/apub.org.br\/wp-content\/uploads\/2022\/09\/FREAR-A-VIOLENCIA-POLITICA-SITE.jpg\" alt=\"\" class=\"wp-image-40230\" srcset=\"https:\/\/apub.org.br\/siteantigo\/wp-content\/uploads\/2022\/09\/FREAR-A-VIOLENCIA-POLITICA-SITE.jpg 800w, https:\/\/apub.org.br\/siteantigo\/wp-content\/uploads\/2022\/09\/FREAR-A-VIOLENCIA-POLITICA-SITE-300x300.jpg 300w, https:\/\/apub.org.br\/siteantigo\/wp-content\/uploads\/2022\/09\/FREAR-A-VIOLENCIA-POLITICA-SITE-150x150.jpg 150w, https:\/\/apub.org.br\/siteantigo\/wp-content\/uploads\/2022\/09\/FREAR-A-VIOLENCIA-POLITICA-SITE-768x768.jpg 768w\" sizes=\"(max-width: 800px) 100vw, 800px\" \/><\/figure><\/div>\n\n\n<p style=\"text-align: center;\">&#x1f622; A escalada de viol\u00eancia pol\u00edtica no Brasil segue sob o sil\u00eancio (ou coniv\u00eancia) de setores da sociedade que parecem n\u00e3o estar dispostos a respeitar as regras da disputa democr\u00e1tica nas elei\u00e7\u00f5es.<\/p>\n<p style=\"text-align: center;\">&#x1f626; Em mais um caso motivado pela intoler\u00e2ncia e pelo radicalismo, um membro de uma igreja atirou em outro membro da mesma congrega\u00e7\u00e3o em meio a uma discuss\u00e3o, ap\u00f3s o pastor fazer uma prega\u00e7\u00e3o pol\u00edtica no culto, usando seu cargo para induzir o voto dos fi\u00e9is.<\/p>\n<p style=\"text-align: center;\">&#x1f610; Esse caso se soma \u00e0 morte de um guarda civil em Foz do Igua\u00e7u-PR, em julho deste ano, em mais uma demonstra\u00e7\u00e3o de que a combina\u00e7\u00e3o explosiva entre armas e pessoas contaminadas pelo \u00f3dio pol\u00edtico est\u00e1 criando uma grave amea\u00e7a \u00e0 popula\u00e7\u00e3o e \u00e0 estabilidade do pa\u00eds.<\/p>\n<p style=\"text-align: center;\">&#x1f4a3; A situa\u00e7\u00e3o no Brasil est\u00e1 se tornando cada vez mais preocupante. Se at\u00e9 os segmentos da sociedade que seriam mais propensos \u00e0 pacifica\u00e7\u00e3o est\u00e3o radicalizando discursos e contaminando pessoas, isso significa que toda a sociedade brasileira est\u00e1 em perigo.<\/p>\n<p style=\"text-align: center;\">&#x270b; \u00c9 preciso interromper esse ciclo de viol\u00eancia, j\u00e1!<\/p>\n<p style=\"text-align: center;\">&#x1f54a;&#xfe0f; Todo cidad\u00e3o comprometido com o Brasil tem o dever de promover a paz nessas elei\u00e7\u00f5es.<\/p>\n<p style=\"text-align: center;\">\u00a0<\/p>\n<p style=\"text-align: center;\">Visite nosso site: https:\/\/paznaseleicoes.org<\/p>\n<p style=\"text-align: center;\">\u00a0<\/p>\n<p style=\"text-align: center;\">#PaznasElei\u00e7\u00f5es #Elei\u00e7\u00f5es2022 #Democracia<\/p>","protected":false},"excerpt":{"rendered":"<p>&#x1f622; A escalada de viol\u00eancia pol\u00edtica no Brasil segue sob o sil\u00eancio (ou coniv\u00eancia) de setores da sociedade que parecem n\u00e3o estar dispostos a respeitar as regras da disputa democr\u00e1tica nas elei\u00e7\u00f5es. &#x1f626; Em mais um caso motivado pela intoler\u00e2ncia e pelo radicalismo, um membro de uma igreja atirou em outro membro da mesma congrega\u00e7\u00e3o [&hellip;]<\/p>\n","protected":false},"author":2,"featured_media":40230,"comment_status":"closed","ping_status":"closed","sticky":false,"template":"","format":"standard","meta":{"footnotes":""},"categories":[760,530,146],"tags":[],"class_list":["post-40228","post","type-post","status-publish","format-standard","has-post-thumbnail","hentry","category-comunicacao","category-destaques-1","category-latest-news"],"_links":{"self":[{"href":"https:\/\/apub.org.br\/siteantigo\/wp-json\/wp\/v2\/posts\/40228","targetHints":{"allow":["GET"]}}],"collection":[{"href":"https:\/\/apub.org.br\/siteantigo\/wp-json\/wp\/v2\/posts"}],"about":[{"href":"https:\/\/apub.org.br\/siteantigo\/wp-json\/wp\/v2\/types\/post"}],"author":[{"embeddable":true,"href":"https:\/\/apub.org.br\/siteantigo\/wp-json\/wp\/v2\/users\/2"}],"replies":[{"embeddable":true,"href":"https:\/\/apub.org.br\/siteantigo\/wp-json\/wp\/v2\/comments?post=40228"}],"version-history":[{"count":2,"href":"https:\/\/apub.org.br\/siteantigo\/wp-json\/wp\/v2\/posts\/40228\/revisions"}],"predecessor-version":[{"id":40231,"href":"https:\/\/apub.org.br\/siteantigo\/wp-json\/wp\/v2\/posts\/40228\/revisions\/40231"}],"wp:featuredmedia":[{"embeddable":true,"href":"https:\/\/apub.org.br\/siteantigo\/wp-json\/wp\/v2\/media\/40230"}],"wp:attachment":[{"href":"https:\/\/apub.org.br\/siteantigo\/wp-json\/wp\/v2\/media?parent=40228"}],"wp:term":[{"taxonomy":"category","embeddable":true,"href":"https:\/\/apub.org.br\/siteantigo\/wp-json\/wp\/v2\/categories?post=40228"},{"taxonomy":"post_tag","embeddable":true,"href":"https:\/\/apub.org.br\/siteantigo\/wp-json\/wp\/v2\/tags?post=40228"}],"curies":[{"name":"wp","href":"https:\/\/api.w.org\/{rel}","templated":true}]}}