{"id":40243,"date":"2022-09-05T11:34:26","date_gmt":"2022-09-05T14:34:26","guid":{"rendered":"http:\/\/apub.org.br\/?p=40243"},"modified":"2022-09-05T11:36:36","modified_gmt":"2022-09-05T14:36:36","slug":"86-dos-estudantes-estao-na-rede-publica-vote-em-quem-defende-educacao-para-todos","status":"publish","type":"post","link":"https:\/\/apub.org.br\/siteantigo\/86-dos-estudantes-estao-na-rede-publica-vote-em-quem-defende-educacao-para-todos\/","title":{"rendered":"86% dos estudantes est\u00e3o na rede p\u00fablica. Vote em quem defende educa\u00e7\u00e3o para todos!"},"content":{"rendered":"\n<div class=\"wp-block-image\"><figure class=\"aligncenter size-full\"><img fetchpriority=\"high\" decoding=\"async\" width=\"800\" height=\"800\" src=\"http:\/\/apub.org.br\/wp-content\/uploads\/2022\/09\/APUB-86-dos-estudantes-estao-na-rede-publica-SITE.jpg\" alt=\"\" class=\"wp-image-40244\" srcset=\"https:\/\/apub.org.br\/siteantigo\/wp-content\/uploads\/2022\/09\/APUB-86-dos-estudantes-estao-na-rede-publica-SITE.jpg 800w, https:\/\/apub.org.br\/siteantigo\/wp-content\/uploads\/2022\/09\/APUB-86-dos-estudantes-estao-na-rede-publica-SITE-300x300.jpg 300w, https:\/\/apub.org.br\/siteantigo\/wp-content\/uploads\/2022\/09\/APUB-86-dos-estudantes-estao-na-rede-publica-SITE-150x150.jpg 150w, https:\/\/apub.org.br\/siteantigo\/wp-content\/uploads\/2022\/09\/APUB-86-dos-estudantes-estao-na-rede-publica-SITE-768x768.jpg 768w\" sizes=\"(max-width: 800px) 100vw, 800px\" \/><\/figure><\/div>\n\n\n\n<p class=\"has-text-align-center\">&#x1f469;&#x200d;&#x1f3eb; No Brasil, 86% dos estudantes est\u00e3o nas escolas p\u00fablicas. Sem elas, a imensa maioria dos brasileiros n\u00e3o teria acesso \u00e0 educa\u00e7\u00e3o.<\/p>\n\n\n\n<p class=\"has-text-align-center\">&#x1f61e; Mesmo assim, nosso pa\u00eds \u00e9 um dos que menos investe no setor.<\/p>\n\n\n\n<p class=\"has-text-align-center\">&#x1f914; Segundo a Organiza\u00e7\u00e3o para Coopera\u00e7\u00e3o e Desenvolvimento Econ\u00f4mico (OCDE), na educa\u00e7\u00e3o fundamental a m\u00e9dia de gasto por aluno \u00e9 de US$ 3,8 mil por ano, enquanto os pa\u00edses desenvolvidos investem US$ 8,6 mil por ano, em m\u00e9dia. J\u00e1 no ensino m\u00e9dio, o gasto brasileiro \u00e9 de US$ 4,1 mil a cada ano, enquanto nos pa\u00edses da OCDE o valor anual chega a US$ 10 mil.<\/p>\n\n\n\n<p class=\"has-text-align-center\">&#x1f4da; S\u00f3 conseguiremos mudar esse quadro se elegeremos pessoas que t\u00eam compromisso com a defesa da educa\u00e7\u00e3o p\u00fablica! Pense isso na hora de fazer suas escolhas em outubro!<\/p>\n\n\n\n<p class=\"has-text-align-center\">#EuVotoNaEduca\u00e7\u00e3o #Elei\u00e7\u00f5es2022<\/p>\n","protected":false},"excerpt":{"rendered":"<p>&#x1f469;&#x200d;&#x1f3eb; No Brasil, 86% dos estudantes est\u00e3o nas escolas p\u00fablicas. Sem elas, a imensa maioria dos brasileiros n\u00e3o teria acesso \u00e0 educa\u00e7\u00e3o. &#x1f61e; Mesmo assim, nosso pa\u00eds \u00e9 um dos que menos investe no setor. &#x1f914; Segundo a Organiza\u00e7\u00e3o para Coopera\u00e7\u00e3o e Desenvolvimento Econ\u00f4mico (OCDE), na educa\u00e7\u00e3o fundamental a m\u00e9dia de gasto por aluno \u00e9 [&hellip;]<\/p>\n","protected":false},"author":2,"featured_media":40244,"comment_status":"closed","ping_status":"closed","sticky":false,"template":"","format":"standard","meta":{"footnotes":""},"categories":[760,530,146],"tags":[],"class_list":["post-40243","post","type-post","status-publish","format-standard","has-post-thumbnail","hentry","category-comunicacao","category-destaques-1","category-latest-news"],"_links":{"self":[{"href":"https:\/\/apub.org.br\/siteantigo\/wp-json\/wp\/v2\/posts\/40243","targetHints":{"allow":["GET"]}}],"collection":[{"href":"https:\/\/apub.org.br\/siteantigo\/wp-json\/wp\/v2\/posts"}],"about":[{"href":"https:\/\/apub.org.br\/siteantigo\/wp-json\/wp\/v2\/types\/post"}],"author":[{"embeddable":true,"href":"https:\/\/apub.org.br\/siteantigo\/wp-json\/wp\/v2\/users\/2"}],"replies":[{"embeddable":true,"href":"https:\/\/apub.org.br\/siteantigo\/wp-json\/wp\/v2\/comments?post=40243"}],"version-history":[{"count":2,"href":"https:\/\/apub.org.br\/siteantigo\/wp-json\/wp\/v2\/posts\/40243\/revisions"}],"predecessor-version":[{"id":40246,"href":"https:\/\/apub.org.br\/siteantigo\/wp-json\/wp\/v2\/posts\/40243\/revisions\/40246"}],"wp:featuredmedia":[{"embeddable":true,"href":"https:\/\/apub.org.br\/siteantigo\/wp-json\/wp\/v2\/media\/40244"}],"wp:attachment":[{"href":"https:\/\/apub.org.br\/siteantigo\/wp-json\/wp\/v2\/media?parent=40243"}],"wp:term":[{"taxonomy":"category","embeddable":true,"href":"https:\/\/apub.org.br\/siteantigo\/wp-json\/wp\/v2\/categories?post=40243"},{"taxonomy":"post_tag","embeddable":true,"href":"https:\/\/apub.org.br\/siteantigo\/wp-json\/wp\/v2\/tags?post=40243"}],"curies":[{"name":"wp","href":"https:\/\/api.w.org\/{rel}","templated":true}]}}