{"id":40247,"date":"2022-09-06T09:00:00","date_gmt":"2022-09-06T12:00:00","guid":{"rendered":"http:\/\/apub.org.br\/?p=40247"},"modified":"2022-09-06T10:41:20","modified_gmt":"2022-09-06T13:41:20","slug":"por-que-as-universidades-publicas-sao-pilares-da-defesa-da-democracia","status":"publish","type":"post","link":"https:\/\/apub.org.br\/siteantigo\/por-que-as-universidades-publicas-sao-pilares-da-defesa-da-democracia\/","title":{"rendered":"Por que as universidades p\u00fablicas s\u00e3o pilares da defesa da Democracia"},"content":{"rendered":"\n<div class=\"wp-block-image\"><figure class=\"aligncenter size-large\"><img fetchpriority=\"high\" decoding=\"async\" width=\"1024\" height=\"512\" src=\"http:\/\/apub.org.br\/wp-content\/uploads\/2022\/09\/APUB-universidades-publicas-sao-pilares-da-defesa-da-Democracia-1024x512.jpg\" alt=\"\" class=\"wp-image-40249\" srcset=\"https:\/\/apub.org.br\/siteantigo\/wp-content\/uploads\/2022\/09\/APUB-universidades-publicas-sao-pilares-da-defesa-da-Democracia-1024x512.jpg 1024w, https:\/\/apub.org.br\/siteantigo\/wp-content\/uploads\/2022\/09\/APUB-universidades-publicas-sao-pilares-da-defesa-da-Democracia-300x150.jpg 300w, https:\/\/apub.org.br\/siteantigo\/wp-content\/uploads\/2022\/09\/APUB-universidades-publicas-sao-pilares-da-defesa-da-Democracia-768x384.jpg 768w, https:\/\/apub.org.br\/siteantigo\/wp-content\/uploads\/2022\/09\/APUB-universidades-publicas-sao-pilares-da-defesa-da-Democracia.jpg 1200w\" sizes=\"(max-width: 1024px) 100vw, 1024px\" \/><\/figure><\/div>\n\n\n\n<p class=\"has-text-align-left justificado\"><em>Elas foram fundamentais na redemocratiza\u00e7\u00e3o do pa\u00eds, tanto no movimento de docentes quanto estudantil. N\u00e3o \u00e9 por acaso que \u00e9 o centro dos ataques de Bolsonaro<\/em><\/p>\n\n\n\n<p class=\"justificado\">Historicamente, as universidades ocupam um lugar estrat\u00e9gico na garantia dos direitos democr\u00e1ticos. Tanto que, em todo projeto autorit\u00e1rio que o pa\u00eds atravessou, as universidades foram os principais alvos. Ao longo dos anos de chumbo no Brasil, por exemplo, o regime ditatorial centrou fogo em prender, perseguir e torturar professores e lideran\u00e7as estudantis.<\/p>\n\n\n\n<p class=\"justificado\">Hoje, os resqu\u00edcios do per\u00edodo da ditadura voltaram a ecoar nas universidades p\u00fablicas. Atualmente, das 54 universidades federais do pa\u00eds, 37 realizaram consultas parit\u00e1rias para reitor, nas quais cada categoria vale 1\/3 do peso eleitoral. Contudo, algumas institui\u00e7\u00f5es mant\u00eam as estruturas de poder autorit\u00e1rias herdadas do regime autorit\u00e1rio, inclusive resguardando regimentos disciplinares e estatutos da \u00e9poca.<\/p>\n\n\n\n<p class=\"justificado\">Via de regra, o avan\u00e7o do autoritarismo sobre a universidade p\u00fablica acontece, fundamentalmente, por dois fatores:<\/p>\n\n\n\n<p class=\"justificado\">Primeiro, porque professores, t\u00e9cnicos e estudantes das universidades p\u00fablicas no Brasil formam uma trincheira de resist\u00eancia a qualquer tipo de autoritarismo.<\/p>\n\n\n\n<p class=\"justificado\">Segundo, porque nessas institui\u00e7\u00f5es o pensamento cr\u00edtico \u00e9 estimulado. E qualquer projeto autorit\u00e1rio precisa sufocar as cr\u00edticas e as reflex\u00f5es sobre a realidade.<\/p>\n\n\n\n<p class=\"justificado\">Portanto, atacar as universidades p\u00fablicas significa atuar em duas frentes: a curto prazo, sufocar as manifesta\u00e7\u00f5es e as diversas formas de organiza\u00e7\u00e3o de luta e resist\u00eancia; e, a m\u00e9dio e longo prazo, \u00e9 a condena\u00e7\u00e3o de gera\u00e7\u00f5es ao obscurecimento intelectual, cultural, social e pol\u00edtico, que inviabiliza a compreens\u00e3o de mundo e, consequentemente, o questionamento sobre como ele funciona.<\/p>\n\n\n\n<p class=\"justificado\">Os esfor\u00e7os do governo Bolsonaro em atacar a universidade p\u00fablica v\u00e3o exatamente nesse sentido. Os cortes que acumulam quase R$ 100 bilh\u00f5es nos \u00faltimos anos, em \u00e1reas como educa\u00e7\u00e3o e ci\u00eancia e tecnologia, representam o projeto estrat\u00e9gico do bolsonarismo de minar as bases da Democracia no pa\u00eds.<\/p>\n\n\n\n<p class=\"justificado\">Os ataques verbais, financeiros e profundamente ideol\u00f3gicos de Bolsonaro tamb\u00e9m visam inviabilizar e desacreditar a universidade p\u00fablica junto \u00e0 sociedade, criando as condi\u00e7\u00f5es para que o negacionismo, o anticientificismo e o autoritarismo ganhem espa\u00e7o. No entanto, apesar desses esfor\u00e7os, as universidades p\u00fablicas seguem firmes no compromisso hist\u00f3rico de defender a Democracia, a liberdade e um pa\u00eds mais justo para todos e todas. As universidades p\u00fablicas ir\u00e3o, mais uma vez, cumprir o dever hist\u00f3rico de estar na trincheira contra inten\u00e7\u00f5es golpistas e contra o autoritarismo.<\/p>\n\n\n\n<p>Fonte: APUB<\/p>\n","protected":false},"excerpt":{"rendered":"<p>Elas foram fundamentais na redemocratiza\u00e7\u00e3o do pa\u00eds, tanto no movimento de docentes quanto estudantil. N\u00e3o \u00e9 por acaso que \u00e9 o centro dos ataques de Bolsonaro Historicamente, as universidades ocupam um lugar estrat\u00e9gico na garantia dos direitos democr\u00e1ticos. Tanto que, em todo projeto autorit\u00e1rio que o pa\u00eds atravessou, as universidades foram os principais alvos. Ao [&hellip;]<\/p>\n","protected":false},"author":2,"featured_media":40250,"comment_status":"closed","ping_status":"closed","sticky":false,"template":"","format":"standard","meta":{"footnotes":""},"categories":[760,530,146],"tags":[],"class_list":["post-40247","post","type-post","status-publish","format-standard","has-post-thumbnail","hentry","category-comunicacao","category-destaques-1","category-latest-news"],"_links":{"self":[{"href":"https:\/\/apub.org.br\/siteantigo\/wp-json\/wp\/v2\/posts\/40247","targetHints":{"allow":["GET"]}}],"collection":[{"href":"https:\/\/apub.org.br\/siteantigo\/wp-json\/wp\/v2\/posts"}],"about":[{"href":"https:\/\/apub.org.br\/siteantigo\/wp-json\/wp\/v2\/types\/post"}],"author":[{"embeddable":true,"href":"https:\/\/apub.org.br\/siteantigo\/wp-json\/wp\/v2\/users\/2"}],"replies":[{"embeddable":true,"href":"https:\/\/apub.org.br\/siteantigo\/wp-json\/wp\/v2\/comments?post=40247"}],"version-history":[{"count":2,"href":"https:\/\/apub.org.br\/siteantigo\/wp-json\/wp\/v2\/posts\/40247\/revisions"}],"predecessor-version":[{"id":40251,"href":"https:\/\/apub.org.br\/siteantigo\/wp-json\/wp\/v2\/posts\/40247\/revisions\/40251"}],"wp:featuredmedia":[{"embeddable":true,"href":"https:\/\/apub.org.br\/siteantigo\/wp-json\/wp\/v2\/media\/40250"}],"wp:attachment":[{"href":"https:\/\/apub.org.br\/siteantigo\/wp-json\/wp\/v2\/media?parent=40247"}],"wp:term":[{"taxonomy":"category","embeddable":true,"href":"https:\/\/apub.org.br\/siteantigo\/wp-json\/wp\/v2\/categories?post=40247"},{"taxonomy":"post_tag","embeddable":true,"href":"https:\/\/apub.org.br\/siteantigo\/wp-json\/wp\/v2\/tags?post=40247"}],"curies":[{"name":"wp","href":"https:\/\/api.w.org\/{rel}","templated":true}]}}