{"id":40254,"date":"2022-09-08T11:43:38","date_gmt":"2022-09-08T14:43:38","guid":{"rendered":"http:\/\/apub.org.br\/?p=40254"},"modified":"2022-09-09T13:41:19","modified_gmt":"2022-09-09T16:41:19","slug":"em-brasilia-proifes-participa-de-encontro-nacional-dos-servidores-publicos-aposentados-e-pensionistas%ef%bf%bc","status":"publish","type":"post","link":"https:\/\/apub.org.br\/siteantigo\/em-brasilia-proifes-participa-de-encontro-nacional-dos-servidores-publicos-aposentados-e-pensionistas%ef%bf%bc\/","title":{"rendered":"Em Bras\u00edlia, PROIFES e APUB participam de Encontro Nacional dos Servidores P\u00fablicos Aposentados e Pensionistas"},"content":{"rendered":"\n<p>Aconteceu na quarta-feira (31) o 16\u00b0 Encontro Nacional dos Servidores P\u00fablicos Aposentados e Pensionistas, na C\u00e2mara dos Deputados, em Bras\u00edlia. Organizado pelo Movimento Nacional dos Servidores P\u00fablicos Aposentados e Pensionistas (MOSAP), o evento congregou debates que envolveram mat\u00e9rias importantes que tramitam no Congresso e que, se aprovadas, podem trazer preju\u00edzos para a educa\u00e7\u00e3o e a ci\u00eancia.<\/p>\n\n\n\n<p>Os representantes da APUB, membros da Comiss\u00e3o de Aposentados, Rutildes Moreira, C\u00e9lia Cordeiro, Manoel Marcos Freire e Joviniano Neto, diretor Social e de Aposentados, participaram deste Encontro e, no dia anterior, estiveram na reuni\u00e3o do GT de Aposentados do PROIFES, na qual se detalhou as medidas para implementar a pol\u00edtica para aposentados decidida no XVII Encontro Nacional da Federa\u00e7\u00e3o. No encontro do MOSAP, o professor Joviniano apresentou as propostas da APUB para implementa\u00e7\u00e3o de uma pol\u00edtica dos aposentados.<\/p>\n\n\n\n<p>A presen\u00e7a de lideran\u00e7as de todas as entidades que integram o Mosap refor\u00e7ou diante dos deputados e senadores as principais reivindica\u00e7\u00f5es da classe, em especial, o reajuste de vencimentos e subs\u00eddios, a luta pela paridade entre ativos e aposentados e a aprova\u00e7\u00e3o da PEC 555, com o fim da contribui\u00e7\u00e3o previdenci\u00e1ria por aposentados e pensionistas.<\/p>\n\n\n\n<figure class=\"wp-block-image size-large\"><img fetchpriority=\"high\" decoding=\"async\" width=\"938\" height=\"1024\" src=\"http:\/\/apub.org.br\/wp-content\/uploads\/2022\/09\/WhatsApp-Image-2022-09-09-at-11.40.05-938x1024.jpeg\" alt=\"\" class=\"wp-image-40272\" srcset=\"https:\/\/apub.org.br\/siteantigo\/wp-content\/uploads\/2022\/09\/WhatsApp-Image-2022-09-09-at-11.40.05-938x1024.jpeg 938w, https:\/\/apub.org.br\/siteantigo\/wp-content\/uploads\/2022\/09\/WhatsApp-Image-2022-09-09-at-11.40.05-275x300.jpeg 275w, https:\/\/apub.org.br\/siteantigo\/wp-content\/uploads\/2022\/09\/WhatsApp-Image-2022-09-09-at-11.40.05-768x839.jpeg 768w, https:\/\/apub.org.br\/siteantigo\/wp-content\/uploads\/2022\/09\/WhatsApp-Image-2022-09-09-at-11.40.05.jpeg 1172w\" sizes=\"(max-width: 938px) 100vw, 938px\" \/><\/figure>\n\n\n\n<p>Com o Executivo tendo at\u00e9 esta quarta para enviar ao Congresso a proposta do Or\u00e7amento 2023, o evento convergiu para destacar as demandas mais urgentes, como o PLS 189\/2021, um dos exemplos de a\u00e7\u00f5es que prejudicam todos os servidores, criando uma entidade gestora \u00fanica do regime pr\u00f3prio de previd\u00eancia social da Uni\u00e3o, que coloca todos os servidores p\u00fablicos sob a gest\u00e3o do INSS.<br><br>Para o diretor do GT Aposentados do PROIFES,<strong>&nbsp;Patryckson Santos<\/strong>, presente no evento, o \u201c<em>Estar presente nesse encontro \u00e9 de uma import\u00e2ncia enorme para o PROIFES pois d\u00e1 suporte ao pedido de aprova\u00e7\u00e3o da PEC 555 e outras propostas que apoiamos, como as discutidas na \u00faltima reuni\u00e3o do GT que aconteceu ontem em nossa sede\u201d<\/em><em><\/em><\/p>\n\n\n\n<p>Por fim, o evento culminou em ato pol\u00edtico para protestar contra as \u00faltimas a\u00e7\u00f5es do governo e a import\u00e2ncia de aprovar o que a classe demanda no Congresso Nacional, principalmente quando o prazo para que o Poder Executivo encaminhe ao Congresso Nacional o projeto da Lei Or\u00e7ament\u00e1ria Anual (PLOA) de 2023 esteja em sua imin\u00eancia de encerrar. Presente no ato, a ADUFG Sindicato acompanhou de perto a manifesta\u00e7\u00e3o com a participa\u00e7\u00e3o de seu&nbsp; 2\u00b0 Vice-Presidente,&nbsp;<strong>Lu\u00eds Ant\u00f4nio Contim<\/strong>, que relembrou a complexidade desses anos de luta pol\u00edtica no legislativo. &#8220;<em>A import\u00e2ncia de estarmos aqui nesse ato \u00e9 que \u00e9 o fechamento de um ano pol\u00edtico. 2021 foi um ano muito importante em que o F\u00f3rum de Servidores P\u00fablicos Federais combateu fortemente a PEC 32. Estivemos em Bras\u00edlia v\u00e1rias vezes todas as semanas e no ano de 2022 houve um esfor\u00e7o muito grande contra as contra reformas do governo para sucatear o servi\u00e7o p\u00fablico e tamb\u00e9m pelo reajuste salarial<\/em>\u201d, disse ao reiterar a seriedade da luta pol\u00edtica da Federa\u00e7\u00e3o em defesa dos direitos e da recomposi\u00e7\u00e3o salarial dos docentes de ensino no pa\u00eds.<\/p>\n\n\n\n<p>O prazo para a apresenta\u00e7\u00e3o do PLOA \u00e9 fixado na Constitui\u00e7\u00e3o Federal. O projeto traz as previs\u00f5es do Poder Executivo para vari\u00e1veis macroecon\u00f4micas, como produto interno bruto (PIB), infla\u00e7\u00e3o, c\u00e2mbio, taxa de juros e sal\u00e1rio m\u00ednimo.<\/p>\n\n\n\n<p>Fonte: PROIFES-Federa\u00e7\u00e3o<\/p>\n","protected":false},"excerpt":{"rendered":"<p>Aconteceu na quarta-feira (31) o 16\u00b0 Encontro Nacional dos Servidores P\u00fablicos Aposentados e Pensionistas, na C\u00e2mara dos Deputados, em Bras\u00edlia. Organizado pelo Movimento Nacional dos Servidores P\u00fablicos Aposentados e Pensionistas (MOSAP), o evento congregou debates que envolveram mat\u00e9rias importantes que tramitam no Congresso e que, se aprovadas, podem trazer preju\u00edzos para a educa\u00e7\u00e3o e a [&hellip;]<\/p>\n","protected":false},"author":2,"featured_media":40281,"comment_status":"closed","ping_status":"closed","sticky":false,"template":"","format":"standard","meta":{"footnotes":""},"categories":[681,146],"tags":[],"class_list":["post-40254","post","type-post","status-publish","format-standard","has-post-thumbnail","hentry","category-aposentadoria","category-latest-news"],"_links":{"self":[{"href":"https:\/\/apub.org.br\/siteantigo\/wp-json\/wp\/v2\/posts\/40254","targetHints":{"allow":["GET"]}}],"collection":[{"href":"https:\/\/apub.org.br\/siteantigo\/wp-json\/wp\/v2\/posts"}],"about":[{"href":"https:\/\/apub.org.br\/siteantigo\/wp-json\/wp\/v2\/types\/post"}],"author":[{"embeddable":true,"href":"https:\/\/apub.org.br\/siteantigo\/wp-json\/wp\/v2\/users\/2"}],"replies":[{"embeddable":true,"href":"https:\/\/apub.org.br\/siteantigo\/wp-json\/wp\/v2\/comments?post=40254"}],"version-history":[{"count":6,"href":"https:\/\/apub.org.br\/siteantigo\/wp-json\/wp\/v2\/posts\/40254\/revisions"}],"predecessor-version":[{"id":40282,"href":"https:\/\/apub.org.br\/siteantigo\/wp-json\/wp\/v2\/posts\/40254\/revisions\/40282"}],"wp:featuredmedia":[{"embeddable":true,"href":"https:\/\/apub.org.br\/siteantigo\/wp-json\/wp\/v2\/media\/40281"}],"wp:attachment":[{"href":"https:\/\/apub.org.br\/siteantigo\/wp-json\/wp\/v2\/media?parent=40254"}],"wp:term":[{"taxonomy":"category","embeddable":true,"href":"https:\/\/apub.org.br\/siteantigo\/wp-json\/wp\/v2\/categories?post=40254"},{"taxonomy":"post_tag","embeddable":true,"href":"https:\/\/apub.org.br\/siteantigo\/wp-json\/wp\/v2\/tags?post=40254"}],"curies":[{"name":"wp","href":"https:\/\/api.w.org\/{rel}","templated":true}]}}