{"id":40277,"date":"2022-09-09T13:39:23","date_gmt":"2022-09-09T16:39:23","guid":{"rendered":"http:\/\/apub.org.br\/?p=40277"},"modified":"2022-09-09T13:39:25","modified_gmt":"2022-09-09T16:39:25","slug":"grito-dos-excluidos-no-07-de-setembro-denunciou-aumento-da-fome-e-pobreza","status":"publish","type":"post","link":"https:\/\/apub.org.br\/siteantigo\/grito-dos-excluidos-no-07-de-setembro-denunciou-aumento-da-fome-e-pobreza\/","title":{"rendered":"Grito dos Exclu\u00eddos no 07 de setembro denunciou aumento da fome e pobreza"},"content":{"rendered":"\n<p>\u201c(In)depend\u00eancia para quem?\u201d foi o mote da 28\u00aa edi\u00e7\u00e3o do Gritos dos Exclu\u00eddos, manifesta\u00e7\u00e3o realizada no dia 07 de setembro. Em Salvador, o ato teve in\u00edcio na pra\u00e7a do Campo Grande e reuniu movimentos populares, sindicatos e diversas outras organiza\u00e7\u00f5es da sociedade civil, al\u00e9m de cidad\u00e3s e cidad\u00e3os que desejavam manifestar sua defesa \u00e0 democracia e aos direitos sociais. <\/p>\n\n\n\n<p>A APUB, professoras e professores participaram do ato. Al\u00e9m de denunciar o aumento da fome e da pobreza no Brasil sob o atual governo, o protesto trouxe outras pautas vinculadas \u00e0 defesa dos servi\u00e7os p\u00fablicos para a popula\u00e7\u00e3o, contra as privatiza\u00e7\u00f5es a exemplo dos Correios e tamb\u00e9m a quest\u00e3o ind\u00edgena, frente \u00e0s amea\u00e7as e assassinatos que vem acontecendo, inclusive nos \u00faltimos dias no extremo sul da Bahia contra o povo Patax\u00f3.<\/p>\n\n\n\n<figure class=\"wp-block-image size-large\"><img fetchpriority=\"high\" decoding=\"async\" width=\"867\" height=\"1024\" src=\"http:\/\/apub.org.br\/wp-content\/uploads\/2022\/09\/WhatsApp-Image-2022-09-09-at-11.40.05-1-867x1024.jpeg\" alt=\"\" class=\"wp-image-40278\" srcset=\"https:\/\/apub.org.br\/siteantigo\/wp-content\/uploads\/2022\/09\/WhatsApp-Image-2022-09-09-at-11.40.05-1-867x1024.jpeg 867w, https:\/\/apub.org.br\/siteantigo\/wp-content\/uploads\/2022\/09\/WhatsApp-Image-2022-09-09-at-11.40.05-1-254x300.jpeg 254w, https:\/\/apub.org.br\/siteantigo\/wp-content\/uploads\/2022\/09\/WhatsApp-Image-2022-09-09-at-11.40.05-1-768x907.jpeg 768w, https:\/\/apub.org.br\/siteantigo\/wp-content\/uploads\/2022\/09\/WhatsApp-Image-2022-09-09-at-11.40.05-1.jpeg 1084w\" sizes=\"(max-width: 867px) 100vw, 867px\" \/><\/figure>\n","protected":false},"excerpt":{"rendered":"<p>\u201c(In)depend\u00eancia para quem?\u201d foi o mote da 28\u00aa edi\u00e7\u00e3o do Gritos dos Exclu\u00eddos, manifesta\u00e7\u00e3o realizada no dia 07 de setembro. Em Salvador, o ato teve in\u00edcio na pra\u00e7a do Campo Grande e reuniu movimentos populares, sindicatos e diversas outras organiza\u00e7\u00f5es da sociedade civil, al\u00e9m de cidad\u00e3s e cidad\u00e3os que desejavam manifestar sua defesa \u00e0 democracia [&hellip;]<\/p>\n","protected":false},"author":2,"featured_media":40279,"comment_status":"closed","ping_status":"closed","sticky":false,"template":"","format":"standard","meta":{"footnotes":""},"categories":[146],"tags":[],"class_list":["post-40277","post","type-post","status-publish","format-standard","has-post-thumbnail","hentry","category-latest-news"],"_links":{"self":[{"href":"https:\/\/apub.org.br\/siteantigo\/wp-json\/wp\/v2\/posts\/40277","targetHints":{"allow":["GET"]}}],"collection":[{"href":"https:\/\/apub.org.br\/siteantigo\/wp-json\/wp\/v2\/posts"}],"about":[{"href":"https:\/\/apub.org.br\/siteantigo\/wp-json\/wp\/v2\/types\/post"}],"author":[{"embeddable":true,"href":"https:\/\/apub.org.br\/siteantigo\/wp-json\/wp\/v2\/users\/2"}],"replies":[{"embeddable":true,"href":"https:\/\/apub.org.br\/siteantigo\/wp-json\/wp\/v2\/comments?post=40277"}],"version-history":[{"count":1,"href":"https:\/\/apub.org.br\/siteantigo\/wp-json\/wp\/v2\/posts\/40277\/revisions"}],"predecessor-version":[{"id":40280,"href":"https:\/\/apub.org.br\/siteantigo\/wp-json\/wp\/v2\/posts\/40277\/revisions\/40280"}],"wp:featuredmedia":[{"embeddable":true,"href":"https:\/\/apub.org.br\/siteantigo\/wp-json\/wp\/v2\/media\/40279"}],"wp:attachment":[{"href":"https:\/\/apub.org.br\/siteantigo\/wp-json\/wp\/v2\/media?parent=40277"}],"wp:term":[{"taxonomy":"category","embeddable":true,"href":"https:\/\/apub.org.br\/siteantigo\/wp-json\/wp\/v2\/categories?post=40277"},{"taxonomy":"post_tag","embeddable":true,"href":"https:\/\/apub.org.br\/siteantigo\/wp-json\/wp\/v2\/tags?post=40277"}],"curies":[{"name":"wp","href":"https:\/\/api.w.org\/{rel}","templated":true}]}}