{"id":40283,"date":"2022-09-09T14:24:49","date_gmt":"2022-09-09T17:24:49","guid":{"rendered":"http:\/\/apub.org.br\/?p=40283"},"modified":"2022-09-09T14:24:52","modified_gmt":"2022-09-09T17:24:52","slug":"representantes-docentes-eleitos-tomam-posse-em-reuniao-do-consuni","status":"publish","type":"post","link":"https:\/\/apub.org.br\/siteantigo\/representantes-docentes-eleitos-tomam-posse-em-reuniao-do-consuni\/","title":{"rendered":"Representantes docentes eleitos tomam posse em reuni\u00e3o do CONSUNI"},"content":{"rendered":"\n<p>Na \u00faltima ter\u00e7a-feira, 06 de setembro, houve a posse dos representantes docentes eleitos para o bi\u00eanio 2022-2024 no Conselho Universit\u00e1rio da UFBA (CONSUNI). Na reuni\u00e3o, foi realizada a transmiss\u00e3o da representa\u00e7\u00e3o por parte dos antigos membros para os\/as representantes eleitos nos dias 30 e 31 de agosto, os quais se apresentaram, e tamb\u00e9m foi a primeira atividade do conselho ap\u00f3s a posse do novo Reitor, Professor Paulo Miguez.<\/p>\n\n\n\n<p>Na ocasi\u00e3o, foram abordados temas como a situa\u00e7\u00e3o de sa\u00fade na Bahia e no Brasil, e or\u00e7amento da UFBA e os desafios para sua reconstitui\u00e7\u00e3o; abordou-se ainda quest\u00f5es relacionadas a bolsas de assist\u00eancia e perman\u00eancia estudantis e ao cuidado da sa\u00fade mental de discentes, docentes e t\u00e9cnicos-administrativos.<\/p>\n\n\n\n<p>A APUB incentivou a participa\u00e7\u00e3o das unidades na segunda edi\u00e7\u00e3o do universidade na pra\u00e7a, que ser\u00e1 realizada no dia 22 de setembro, falou da necessidade de pensar em melhorias do fluxo de promo\u00e7\u00e3o e progress\u00e3o docente e ainda sobre o lan\u00e7amento do selo para educa\u00e7\u00e3o, que tem como objetivo criar espa\u00e7o de di\u00e1logo com os\/as candidatos\/as ao parlamento.<\/p>\n","protected":false},"excerpt":{"rendered":"<p>Na \u00faltima ter\u00e7a-feira, 06 de setembro, houve a posse dos representantes docentes eleitos para o bi\u00eanio 2022-2024 no Conselho Universit\u00e1rio da UFBA (CONSUNI). Na reuni\u00e3o, foi realizada a transmiss\u00e3o da representa\u00e7\u00e3o por parte dos antigos membros para os\/as representantes eleitos nos dias 30 e 31 de agosto, os quais se apresentaram, e tamb\u00e9m foi a [&hellip;]<\/p>\n","protected":false},"author":2,"featured_media":40284,"comment_status":"closed","ping_status":"closed","sticky":false,"template":"","format":"standard","meta":{"footnotes":""},"categories":[888,139,144,146],"tags":[],"class_list":["post-40283","post","type-post","status-publish","format-standard","has-post-thumbnail","hentry","category-conselho2022","category-educacao","category-ufba-latest-news","category-latest-news"],"_links":{"self":[{"href":"https:\/\/apub.org.br\/siteantigo\/wp-json\/wp\/v2\/posts\/40283","targetHints":{"allow":["GET"]}}],"collection":[{"href":"https:\/\/apub.org.br\/siteantigo\/wp-json\/wp\/v2\/posts"}],"about":[{"href":"https:\/\/apub.org.br\/siteantigo\/wp-json\/wp\/v2\/types\/post"}],"author":[{"embeddable":true,"href":"https:\/\/apub.org.br\/siteantigo\/wp-json\/wp\/v2\/users\/2"}],"replies":[{"embeddable":true,"href":"https:\/\/apub.org.br\/siteantigo\/wp-json\/wp\/v2\/comments?post=40283"}],"version-history":[{"count":1,"href":"https:\/\/apub.org.br\/siteantigo\/wp-json\/wp\/v2\/posts\/40283\/revisions"}],"predecessor-version":[{"id":40285,"href":"https:\/\/apub.org.br\/siteantigo\/wp-json\/wp\/v2\/posts\/40283\/revisions\/40285"}],"wp:featuredmedia":[{"embeddable":true,"href":"https:\/\/apub.org.br\/siteantigo\/wp-json\/wp\/v2\/media\/40284"}],"wp:attachment":[{"href":"https:\/\/apub.org.br\/siteantigo\/wp-json\/wp\/v2\/media?parent=40283"}],"wp:term":[{"taxonomy":"category","embeddable":true,"href":"https:\/\/apub.org.br\/siteantigo\/wp-json\/wp\/v2\/categories?post=40283"},{"taxonomy":"post_tag","embeddable":true,"href":"https:\/\/apub.org.br\/siteantigo\/wp-json\/wp\/v2\/tags?post=40283"}],"curies":[{"name":"wp","href":"https:\/\/api.w.org\/{rel}","templated":true}]}}