{"id":40286,"date":"2022-09-09T14:37:39","date_gmt":"2022-09-09T17:37:39","guid":{"rendered":"http:\/\/apub.org.br\/?p=40286"},"modified":"2022-09-09T14:41:49","modified_gmt":"2022-09-09T17:41:49","slug":"apub-participa-do-iv-encontro-de-direitos-humanos-do-proifes","status":"publish","type":"post","link":"https:\/\/apub.org.br\/siteantigo\/apub-participa-do-iv-encontro-de-direitos-humanos-do-proifes\/","title":{"rendered":"APUB participa do IV Encontro de Direitos Humanos do PROIFES"},"content":{"rendered":"\n<p>O PROIFES-Federa\u00e7\u00e3o realizou, nos dias 08 e 09, o seu IV Encontro Nacional de Direitos Humanos &#8211; Educa\u00e7\u00e3o para esperan\u00e7a, no assentamento Contestado do MST, em Curitiba. A APUB participou com uma delega\u00e7\u00e3o de sete pessoas, membros da diretoria e do GT Direitos Humanos do sindicato.<\/p>\n\n\n\n<p>O encontro teve como objetivo aprofundar as discuss\u00f5es do eixo III do \u00faltimo encontro nacional do PROIFES &#8211; Educa\u00e7\u00e3o, Direitos Humanos e diversidade: o papel da federa\u00e7\u00e3o nessa luta &#8211; e encaminhar a\u00e7\u00f5es para curto, m\u00e9dio e longo prazos a serem desenvolvidas pelos sindicatos e pela Federa\u00e7\u00e3o.<\/p>\n","protected":false},"excerpt":{"rendered":"<p>O PROIFES-Federa\u00e7\u00e3o realizou, nos dias 08 e 09, o seu IV Encontro Nacional de Direitos Humanos &#8211; Educa\u00e7\u00e3o para esperan\u00e7a, no assentamento Contestado do MST, em Curitiba. A APUB participou com uma delega\u00e7\u00e3o de sete pessoas, membros da diretoria e do GT Direitos Humanos do sindicato. O encontro teve como objetivo aprofundar as discuss\u00f5es do [&hellip;]<\/p>\n","protected":false},"author":2,"featured_media":40287,"comment_status":"closed","ping_status":"closed","sticky":false,"template":"","format":"standard","meta":{"footnotes":""},"categories":[139,142,146],"tags":[],"class_list":["post-40286","post","type-post","status-publish","format-standard","has-post-thumbnail","hentry","category-educacao","category-proifes-2","category-latest-news"],"_links":{"self":[{"href":"https:\/\/apub.org.br\/siteantigo\/wp-json\/wp\/v2\/posts\/40286","targetHints":{"allow":["GET"]}}],"collection":[{"href":"https:\/\/apub.org.br\/siteantigo\/wp-json\/wp\/v2\/posts"}],"about":[{"href":"https:\/\/apub.org.br\/siteantigo\/wp-json\/wp\/v2\/types\/post"}],"author":[{"embeddable":true,"href":"https:\/\/apub.org.br\/siteantigo\/wp-json\/wp\/v2\/users\/2"}],"replies":[{"embeddable":true,"href":"https:\/\/apub.org.br\/siteantigo\/wp-json\/wp\/v2\/comments?post=40286"}],"version-history":[{"count":1,"href":"https:\/\/apub.org.br\/siteantigo\/wp-json\/wp\/v2\/posts\/40286\/revisions"}],"predecessor-version":[{"id":40288,"href":"https:\/\/apub.org.br\/siteantigo\/wp-json\/wp\/v2\/posts\/40286\/revisions\/40288"}],"wp:featuredmedia":[{"embeddable":true,"href":"https:\/\/apub.org.br\/siteantigo\/wp-json\/wp\/v2\/media\/40287"}],"wp:attachment":[{"href":"https:\/\/apub.org.br\/siteantigo\/wp-json\/wp\/v2\/media?parent=40286"}],"wp:term":[{"taxonomy":"category","embeddable":true,"href":"https:\/\/apub.org.br\/siteantigo\/wp-json\/wp\/v2\/categories?post=40286"},{"taxonomy":"post_tag","embeddable":true,"href":"https:\/\/apub.org.br\/siteantigo\/wp-json\/wp\/v2\/tags?post=40286"}],"curies":[{"name":"wp","href":"https:\/\/api.w.org\/{rel}","templated":true}]}}