{"id":40289,"date":"2022-09-12T09:56:00","date_gmt":"2022-09-12T12:56:00","guid":{"rendered":"http:\/\/apub.org.br\/?p=40289"},"modified":"2022-09-12T09:56:02","modified_gmt":"2022-09-12T12:56:02","slug":"apoiar-quem-defende-a-educacao-publica-e-garantir-diploma-aos-mais-pobres","status":"publish","type":"post","link":"https:\/\/apub.org.br\/siteantigo\/apoiar-quem-defende-a-educacao-publica-e-garantir-diploma-aos-mais-pobres\/","title":{"rendered":"Apoiar quem defende a educa\u00e7\u00e3o p\u00fablica \u00e9 garantir diploma aos mais pobres"},"content":{"rendered":"\n<div class=\"wp-block-image\"><figure class=\"aligncenter size-full\"><img fetchpriority=\"high\" decoding=\"async\" width=\"800\" height=\"800\" src=\"http:\/\/apub.org.br\/wp-content\/uploads\/2022\/09\/APUB-Apoiar-quem-defende-a-educacao-publica-e-garantir-diploma-aos-mais-pobres_SITE.jpg\" alt=\"\" class=\"wp-image-40290\" srcset=\"https:\/\/apub.org.br\/siteantigo\/wp-content\/uploads\/2022\/09\/APUB-Apoiar-quem-defende-a-educacao-publica-e-garantir-diploma-aos-mais-pobres_SITE.jpg 800w, https:\/\/apub.org.br\/siteantigo\/wp-content\/uploads\/2022\/09\/APUB-Apoiar-quem-defende-a-educacao-publica-e-garantir-diploma-aos-mais-pobres_SITE-300x300.jpg 300w, https:\/\/apub.org.br\/siteantigo\/wp-content\/uploads\/2022\/09\/APUB-Apoiar-quem-defende-a-educacao-publica-e-garantir-diploma-aos-mais-pobres_SITE-150x150.jpg 150w, https:\/\/apub.org.br\/siteantigo\/wp-content\/uploads\/2022\/09\/APUB-Apoiar-quem-defende-a-educacao-publica-e-garantir-diploma-aos-mais-pobres_SITE-768x768.jpg 768w\" sizes=\"(max-width: 800px) 100vw, 800px\" \/><\/figure><\/div>\n\n\n\n<p class=\"has-text-align-center\">&#x1f4da; A maior parte dos estudantes de universidades federais \u00e9 de baixa renda e cursou o ensino m\u00e9dio em escolas p\u00fablicas. Segundo dados da Andifes, 70,2% dos estudantes das federais s\u00e3o de fam\u00edlia com renda mensal de at\u00e9 1,5 sal\u00e1rio-m\u00ednimo e 60,4% s\u00e3o provenientes da rede de ensino p\u00fablico.<\/p>\n\n\n\n<p class=\"has-text-align-center\">&#x1f469;&#x200d;&#x1f3eb; Isso significa que se ampliarmos o acesso \u00e0s universidades p\u00fablicas, daremos mais oportunidades para que os filhos das fam\u00edlias mais pobres consigam ter um diploma universit\u00e1rio e que suas fam\u00edlias tenham mais renda!<\/p>\n\n\n\n<p class=\"has-text-align-center\">&#x26a0; Nas elei\u00e7\u00f5es de outubro, pesquise as trajet\u00f3rias e propostas dos candidatos e escolha aqueles que t\u00eam compromisso com o ensino p\u00fablico de qualidade para todos!<\/p>\n\n\n\n<p class=\"has-text-align-center\">#EuVotoNaEduca\u00e7\u00e3o<\/p>\n","protected":false},"excerpt":{"rendered":"<p>&#x1f4da; A maior parte dos estudantes de universidades federais \u00e9 de baixa renda e cursou o ensino m\u00e9dio em escolas p\u00fablicas. Segundo dados da Andifes, 70,2% dos estudantes das federais s\u00e3o de fam\u00edlia com renda mensal de at\u00e9 1,5 sal\u00e1rio-m\u00ednimo e 60,4% s\u00e3o provenientes da rede de ensino p\u00fablico. &#x1f469;&#x200d;&#x1f3eb; Isso significa que se ampliarmos [&hellip;]<\/p>\n","protected":false},"author":2,"featured_media":40290,"comment_status":"closed","ping_status":"closed","sticky":false,"template":"","format":"standard","meta":{"footnotes":""},"categories":[760,530,146],"tags":[],"class_list":["post-40289","post","type-post","status-publish","format-standard","has-post-thumbnail","hentry","category-comunicacao","category-destaques-1","category-latest-news"],"_links":{"self":[{"href":"https:\/\/apub.org.br\/siteantigo\/wp-json\/wp\/v2\/posts\/40289","targetHints":{"allow":["GET"]}}],"collection":[{"href":"https:\/\/apub.org.br\/siteantigo\/wp-json\/wp\/v2\/posts"}],"about":[{"href":"https:\/\/apub.org.br\/siteantigo\/wp-json\/wp\/v2\/types\/post"}],"author":[{"embeddable":true,"href":"https:\/\/apub.org.br\/siteantigo\/wp-json\/wp\/v2\/users\/2"}],"replies":[{"embeddable":true,"href":"https:\/\/apub.org.br\/siteantigo\/wp-json\/wp\/v2\/comments?post=40289"}],"version-history":[{"count":1,"href":"https:\/\/apub.org.br\/siteantigo\/wp-json\/wp\/v2\/posts\/40289\/revisions"}],"predecessor-version":[{"id":40291,"href":"https:\/\/apub.org.br\/siteantigo\/wp-json\/wp\/v2\/posts\/40289\/revisions\/40291"}],"wp:featuredmedia":[{"embeddable":true,"href":"https:\/\/apub.org.br\/siteantigo\/wp-json\/wp\/v2\/media\/40290"}],"wp:attachment":[{"href":"https:\/\/apub.org.br\/siteantigo\/wp-json\/wp\/v2\/media?parent=40289"}],"wp:term":[{"taxonomy":"category","embeddable":true,"href":"https:\/\/apub.org.br\/siteantigo\/wp-json\/wp\/v2\/categories?post=40289"},{"taxonomy":"post_tag","embeddable":true,"href":"https:\/\/apub.org.br\/siteantigo\/wp-json\/wp\/v2\/tags?post=40289"}],"curies":[{"name":"wp","href":"https:\/\/api.w.org\/{rel}","templated":true}]}}