{"id":40454,"date":"2022-09-19T17:31:17","date_gmt":"2022-09-19T20:31:17","guid":{"rendered":"http:\/\/apub.org.br\/?p=40454"},"modified":"2022-09-21T15:17:27","modified_gmt":"2022-09-21T18:17:27","slug":"universidade-na-praca-programacao","status":"publish","type":"post","link":"https:\/\/apub.org.br\/siteantigo\/universidade-na-praca-programacao\/","title":{"rendered":"UNIVERSIDADE NA PRA\u00c7A &#8211; PROGRAMA\u00c7\u00c3O"},"content":{"rendered":"\n<p><strong>PROGRAMA\u00c7\u00c3O DAS TENDAS<\/strong><\/p>\n\n\n\n<hr class=\"wp-block-separator\"\/>\n\n\n\n<p><strong>Tenda 1: Estudantes e universidade (Patrono: Mestre King)<\/strong><br><em>Manh\u00e3: <br><\/em>PROGRAD &#8211; Projeto UFBA Mostra Sua Cara \u2013 Josileide Matos<br><em>Tarde:<\/em><br>Revista Fraude &#8211; Petcom \u2013 Leonardo Costa<br>PET Interdisciplinar do IHAC: quem somos e o que fazemos \u2013 Isa Lustosa<br>Vivenciando os projetos do PETNUT-UFBA \u2013 Virg\u00ednia Campos Machado<br>PROGRAD &#8211; Projeto UFBA Mostra Sua Cara \u2013 Josileide Matos<\/p>\n\n\n\n<p><strong>Tenda 2: Universidade e Artes (Patrono: Emanoel Ara\u00fajo)<\/strong><br><em>Manh\u00e3:<\/em><br>Oficina de Caricaturas \u2013 Roddolfo Carvalho<br>TRG &#8211; Oficina de desenho \u2013 Nadson Santos<br>Mostra Visual de Projetos da Alinhavo Empresa Junior<br><em>Tarde:<\/em><br>Sinto a cidade \u2013 Cristiano Piton<br>Gravura na Pra\u00e7a \u2013 Evandro Sybine<br>Escultura em Movimento \u2013 Wagner Lacerda<\/p>\n\n\n\n<p><strong>Tenda 3: Universidade e Sociedade (Patronesse: M\u00e3e Stella de Oxossi)<\/strong><br><em>Manh\u00e3:<br><\/em>Movimento estudantil; Movimento negro; Movimento popular<br>Roda de conversa: Soletrando a educa\u00e7\u00e3o para ler democracia \u2013 Arlindo Pereira de Souza Neto<br>Roda de Conversa: Pintar a Universidade de povo &#8211; 10 anos de lei de cotas \u2013 Coletivo Quilombo<br><em>Tarde:<br><\/em>Mobiliza TAEs &#8211; Por uma Universidade para os\/as trabalhadores\/as \u2013 Carolina Mendon\u00e7a<br>Roda de conversa \u201cPapo de Favela R-existe\u201d &#8211; Coletivo Resist\u00eancia Preta &#8211; 15h<\/p>\n\n\n\n<p><strong>Tenda 4: Africanidades na Universidade (Patronesse: Luiza Bairros)<\/strong><br>UNILAB: uma universidade afro-brasileira e Africana \u2013 Carla Craice da Silva; M\u00edrian Reis<br>Jogos did\u00e1ticos \u2013 Ana Cl\u00e1udia Gomes de Souza<br>Oficina: Projeto de Extens\u00e3o Brinquedoteca de Hist\u00f3rias \u2013 Ana Rita Barbosa<br>Gana e Elmina: Aprendizados transatl\u00e2nticos sobre a \u00c1frica e o Brasil \u2013 Maria Soares<br>Latitudes Africanas: Pensando os Direitos da Comunidade Orun-Ayi\u00ea &#8211; Bas&#8217;Ilele Malomalo (14h as 15h30)<\/p>\n\n\n\n<p><strong>Tenda 5: Universidade e Sustentabilidade (Patrono: Milton Santos)<\/strong><br><em>Todo o dia:<br><\/em>Exposi\u00e7\u00e3o Museu de Hist\u00f3ria Natural + Herb\u00e1rio + PPG Biodiversidade e Evolu\u00e7\u00e3o &#8211; Geraldo Aquino, N\u00e1dia Roque, Bianca Silva, L\u00e1zaro Silva, Alessandra Schnadelbach, Carolina Almeida<br>Exposi\u00e7\u00e3o do Laborat\u00f3rio de Cultura de Tecidos Vegetais \u2013 Moema Bellintani<br>Doe amor, doe uma planta \u2013 Maria Aparecida Oliveira<br>Exposi\u00e7\u00e3o: Plantas aliment\u00edcias n\u00e3o convencionais &#8211; Geraldo Aquino<br>Modelos did\u00e1ticos em Biologia celular e molecular<br>Polui\u00e7\u00e3o, sa\u00fade e cidadania: e eu com isso? &#8211; Eduardo da Silva<br><em>S\u00f3 pela Manh\u00e3:<\/em><br>No fundo no fundo tem os bentos \u2013 Francisco Barros<br>E da\u00ed que folhas caem nos riachos: decomposi\u00e7\u00e3o de mat\u00e9ria org\u00e2nica em riachos baianos &#8211; Adriana Medeiros<br>Econtos &#8211; Hist\u00f3rias de Ecologia para crian\u00e7as, jovens e adultos \u2013 Pavel Dodonov<\/p>\n\n\n\n<p><strong>Tenda 6: Ci\u00eancia e Tecnologia (Patronesse: Nair da Fran\u00e7a e Ara\u00fajo)<\/strong><br><em>Manh\u00e3:<\/em><br>Roda com Ci\u00eancia e Fisiamigxs: Projeto Erat\u00f3stenes<br><em>Tarde:<br><\/em>Grupo de Trabalho Ci\u00eancia &amp; Tecnologia &#8211; APUB e PROIFES: Reconstruir a ci\u00eancia em tempos de crise da democracia \u2013 Jailson Alves<\/p>\n\n\n\n<p><strong>Tenda 7: Inova\u00e7\u00e3o e Tecnologia Social (Patrono: Juliano Moreira)<br><\/strong><em>Manh\u00e3:<\/em><br>Sa\u00fade financeira e Arboviroses na comunidade: como prevenir? &amp; Populariza\u00e7\u00e3o cont\u00e1bil e a import\u00e2ncia da vacina\u00e7\u00e3o: E a\u00ed, bora se vacinar? \u2013 Auristela Teodoro<br><em>Tarde:<\/em><br>Laborat\u00f3rio de Tecnologias Informacionais e Inclus\u00e3o Sociodigital \u2013 B\u00e1rbara Coelho e Marta L\u00edcia<\/p>\n\n\n\n<p><strong>Tenda 8: Universidade e Sa\u00fade (Patrono: Marcos Vin\u00edcius Matraga)<\/strong><br><em>Manh\u00e3:<br><\/em>\u201cAcidentes de trabalho: \u00e9 urgente evitar!\u201d \u2013 Cleber Cremonese<br>A\u00e7\u00f5es preventivo-educativas e de divulga\u00e7\u00e3o das atividades da Faculdade de Odontologia da UFBA \u2013 Colegiado de Odontologia<br>Aula coletiva de Chi Kung na a\u00e7\u00e3o UFBA na Pra\u00e7a &#8211; Rebeca Bezerra<br><em>Tarde:<\/em><br>\u201cAcidentes de trabalho: \u00e9 urgente evitar!\u201d \u2013 Cleber Cremonese<br>Projeto Interdisciplinar em Praticas corporais, exerc\u00edcios f\u00edsicos e promo\u00e7\u00e3o da sa\u00fade \u2013 Cl\u00e1udia Miranda<br>Olhe para a Fome &#8211; Esperan\u00e7ar a Soberania Alimentar \u2013 Tereza Oliveira; Fernando Santa Clara; Sandra Chaves e Virg\u00ednia Campos Machado<br>Liga Acad\u00eamica de Neurologia da Universidade Federal da UFBA &#8211; Pedro Antonio Pereira de Jesus<\/p>\n\n\n\n<p><strong>Tenda 9: Mem\u00f3ria e Produ\u00e7\u00e3o Cient\u00edfica (Patrono: Edgard Santos)<\/strong><br>Editora da Universidade Federal da Bahia<\/p>\n\n\n\n<p><strong>Tenda 10: Universidade e as Inf\u00e2ncias (Patronesse: Iracy Pican\u00e7o)<\/strong><br><em>Manh\u00e3:<br><\/em>Bora Mam\u00e1 \u2013 Claudia Palombo<br>Lentes que alcan\u00e7am o cuidado com rec\u00e9m-nascidos \u2013 Josielson Silva<br>Fonoaudiologia em sa\u00fade materno-infantil \u2013 Carla Steinberg e Luciene Fernandes<br><em>Tarde:<br><\/em>Fonoaudiologia em sa\u00fade materno-infantil \u2013 Carla Steinberg e Luciene Fernandes<br>O brincar &#8211; Pr\u00e1ticas corporais entre pais e filhos: menos tela e mais movimento \u2013 La\u00edsa Domingos<\/p>\n\n\n\n<p><strong>Tenda 11: Pr\u00e1ticas Integrativas (Patronesse: Elena Rodrigues)<\/strong><br>Ambulat\u00f3rio Magalh\u00e3es Neto da UFBA cuidando atrav\u00e9s das PICS al\u00e9m das paredes institucionais \u2013 Diana Brasil<br>Aplica\u00e7\u00e3o de Barras de Access \u2013 Tatiana Matos\/Elizete Maria dos Santos<\/p>\n\n\n\n<p><strong>Tenda 12: Universidade e Linguagens (Patrono: Ubiratan Castro)<\/strong><br><em>Manh\u00e3:<\/em><br>\u00c9 Preciso ter esperan\u00e7a, mas ter esperan\u00e7a do verbo esperan\u00e7ar; porque tem gente que tem esperan\u00e7a do verbo esperar (Paulo Freire) \u2013 Etelvina Ribeiro<br>Na pol\u00edtica sem viol\u00eancia: roda de conversa sobre viol\u00eancia pol\u00edtica de g\u00eanero &#8211; Maise Zucco<br><em>Tarde:<\/em><br>F@la-Homem: Espa\u00e7o de conversa, cuidado e sa\u00fade \u2013 Anderson Souza<br>Em defesa da democracia, N\u00e3o Deixe a Viol\u00eancia Passar de Boa \u2013 Izaura Cruz<\/p>\n\n\n\n<p><strong>Tenda 13: Direitos Humanos (Patrono: Moa do Katend\u00ea)<\/strong><br><em>Manh\u00e3: <\/em><br>O brincar &#8211; Pr\u00e1ticas corporais entre pais e filhos: menos tela e mais movimento \u2013 La\u00edsa Domingos<br>Direitos Humanos e Cidadania (Roda de Conversa) \u2013 Alessandra Prado, Elenice Santos e Sara C\u00f4rtes<br><em>Tarde:<\/em><br>Sa\u00fade financeira e Arboviroses na comunidade: como prevenir? &amp; Populariza\u00e7\u00e3o cont\u00e1bil e a import\u00e2ncia da vacina\u00e7\u00e3o: E a\u00ed, bora se vacinar? \u2013 Auristela Teodoro<\/p>\n\n\n\n<hr class=\"wp-block-separator\"\/>\n\n\n\n<p><strong>PROGRAMA\u00c7\u00c3O DAS SALAS<\/strong><\/p>\n\n\n\n<p><strong>Sala 1 \u2013 MARIA QUIT\u00c9RIA<\/strong><\/p>\n\n\n\n<ul class=\"wp-block-list\"><li>Direitos Humanos e o N\u00facleo de apoio a migrantes e refugiados (NAMIR\/UFBA) \u2013 Mariangela Nascimento<\/li><li>Quintais produtivos e as folhas sagradas &#8211; Eliane Costa Santos e Carla Craice da Silva<\/li><li>Pensando seu neg\u00f3cio &#8211; base para o pequeno empreendedor &#8211; Inacilma Andrade <\/li><li>Admithos conta &#8211; mitos fora da tela &#8211; Tereza Carmo <\/li><li>ACCS da Faculdade de Ci\u00eancias Cont\u00e1beis: Esperan\u00e7a e Empreendedorismo &#8211; Auristela Teodoro<\/li><li>Forma\u00e7\u00e3o de pre\u00e7os para ambulantes &#8211; Auristela Teodoro<\/li><li>Pensando seu neg\u00f3cio &#8211; base para o pequeno empreendedor &#8211; Inacilma Andrade<\/li><\/ul>\n\n\n\n<p><br><strong>Sala 2 \u2013 MARIA FELIPA<\/strong><\/p>\n\n\n\n<ul class=\"wp-block-list\"><li>Pensando seu neg\u00f3cio &#8211; base para o pequeno empreendedor &#8211; Inacilma Andrade<\/li><li>Conta\u00e7\u00e3o de hist\u00f3rias aqui acol\u00e1, para todo mundo em todo lugar &#8211; Grupo PET Pedagogia UFBA <\/li><li>MovimentA\u00e7\u00e3o Vid@, a preven\u00e7\u00e3o da viol\u00eancia intrafamiliar &#8211; Nadirlene Gomes <\/li><li>N\u00facleo de apoio a migrantes e refugiados &#8211; NAMIR\/UFBA &#8211; Mariangela Nascimento<\/li><li>Pequeninos Sess\u00e3o 1 &#8211; Cla\u00fadia Palombo <\/li><li>Letramento Digital X Fake News &#8211; Andrea Goes <\/li><li>Pequeninos Sess\u00e3o 2 &#8211; Cl\u00e1udia Palombo <\/li><li>Oficinas Escola de Belas Artes<\/li><\/ul>\n\n\n\n<p><\/p>\n\n\n\n<hr class=\"wp-block-separator\"\/>\n\n\n\n<p><strong>PALCO<\/strong><\/p>\n\n\n\n<p>08h \u00e0s 08h45\u00a0&#8211; Abertura + Mesa movimentos do campo<br>08h45 \u00e0s 09h30 &#8211; Mesa Movimento Sindical<br>10h \u00e0s 10h30\u00a0&#8211; GIMU &#8211; Unilab<br>10h30 \u00e0s 10h50 &#8211; Canto de la resistencia<br>10h50 \u00e0s 11h30 &#8211; Canto Coral com estudantes da EMUS<br>11h30 \u00e0s 12h &#8211; Viol\u00e3o solo<br>12h \u00e0s 12h30 &#8211;\u00a0 Roda de Choro<br>13h \u00e0s 13h15\u00a0&#8211; Grupo de Percuss\u00e3o<br>14h \u00e0s 14h45\u00a0&#8211; Grupo de Extens\u00e3o Cabaz Garandi-Ritmos e dan\u00e7as tradicionais da Guin\u00e9 Bissau<br>15h \u00e0s 15h45 &#8211; Mesa Movimento Negro e Movimento Estudantil<br>15h45 \u00e0s 16h30\u00a0&#8211; Voz e viol\u00e3o<br>16h30 \u00e0s 17h &#8211; Filarm\u00f4nica<br>17h30 \u00e0s 19h\u00a0&#8211; Show de encerramento: Afrocidade<\/p>\n\n\n\n<p><\/p>\n\n\n\n<div data-wp-interactive=\"core\/file\" class=\"wp-block-file\"><object data-wp-bind--hidden=\"!state.hasPdfPreview\" hidden class=\"wp-block-file__embed\" data=\"http:\/\/apub.org.br\/wp-content\/uploads\/2022\/09\/PROGRAMACAO-DAS-TENDAS-E-PALCO-UNIVERSIDADE-NA-PRACA-VERTICAL.pdf\" type=\"application\/pdf\" style=\"width:100%;height:600px\" aria-label=\"Incorporado de Incorporado de PROGRAMACAO-DAS-TENDAS-E-PALCO-UNIVERSIDADE-NA-PRACA-VERTICAL..\"><\/object><a id=\"wp-block-file--media-690602e5-1b7c-4c9e-ba4d-be3406e3caf9\" href=\"http:\/\/apub.org.br\/wp-content\/uploads\/2022\/09\/PROGRAMACAO-DAS-TENDAS-E-PALCO-UNIVERSIDADE-NA-PRACA-VERTICAL.pdf\">PROGRAMACAO-DAS-TENDAS-E-PALCO-UNIVERSIDADE-NA-PRACA-VERTICAL<\/a><a href=\"http:\/\/apub.org.br\/wp-content\/uploads\/2022\/09\/PROGRAMACAO-DAS-TENDAS-E-PALCO-UNIVERSIDADE-NA-PRACA-VERTICAL.pdf\" class=\"wp-block-file__button\" download aria-describedby=\"wp-block-file--media-690602e5-1b7c-4c9e-ba4d-be3406e3caf9\">Baixar<\/a><\/div>\n","protected":false},"excerpt":{"rendered":"<p>PROGRAMA\u00c7\u00c3O DAS TENDAS Tenda 1: Estudantes e universidade (Patrono: Mestre King)Manh\u00e3: PROGRAD &#8211; Projeto UFBA Mostra Sua Cara \u2013 Josileide MatosTarde:Revista Fraude &#8211; Petcom \u2013 Leonardo CostaPET Interdisciplinar do IHAC: quem somos e o que fazemos \u2013 Isa LustosaVivenciando os projetos do PETNUT-UFBA \u2013 Virg\u00ednia Campos MachadoPROGRAD &#8211; Projeto UFBA Mostra Sua Cara \u2013 Josileide [&hellip;]<\/p>\n","protected":false},"author":3,"featured_media":40345,"comment_status":"closed","ping_status":"closed","sticky":false,"template":"","format":"standard","meta":{"footnotes":""},"categories":[146,891],"tags":[],"class_list":["post-40454","post","type-post","status-publish","format-standard","has-post-thumbnail","hentry","category-latest-news","category-universidade-na-praca-2022"],"_links":{"self":[{"href":"https:\/\/apub.org.br\/siteantigo\/wp-json\/wp\/v2\/posts\/40454","targetHints":{"allow":["GET"]}}],"collection":[{"href":"https:\/\/apub.org.br\/siteantigo\/wp-json\/wp\/v2\/posts"}],"about":[{"href":"https:\/\/apub.org.br\/siteantigo\/wp-json\/wp\/v2\/types\/post"}],"author":[{"embeddable":true,"href":"https:\/\/apub.org.br\/siteantigo\/wp-json\/wp\/v2\/users\/3"}],"replies":[{"embeddable":true,"href":"https:\/\/apub.org.br\/siteantigo\/wp-json\/wp\/v2\/comments?post=40454"}],"version-history":[{"count":19,"href":"https:\/\/apub.org.br\/siteantigo\/wp-json\/wp\/v2\/posts\/40454\/revisions"}],"predecessor-version":[{"id":40507,"href":"https:\/\/apub.org.br\/siteantigo\/wp-json\/wp\/v2\/posts\/40454\/revisions\/40507"}],"wp:featuredmedia":[{"embeddable":true,"href":"https:\/\/apub.org.br\/siteantigo\/wp-json\/wp\/v2\/media\/40345"}],"wp:attachment":[{"href":"https:\/\/apub.org.br\/siteantigo\/wp-json\/wp\/v2\/media?parent=40454"}],"wp:term":[{"taxonomy":"category","embeddable":true,"href":"https:\/\/apub.org.br\/siteantigo\/wp-json\/wp\/v2\/categories?post=40454"},{"taxonomy":"post_tag","embeddable":true,"href":"https:\/\/apub.org.br\/siteantigo\/wp-json\/wp\/v2\/tags?post=40454"}],"curies":[{"name":"wp","href":"https:\/\/api.w.org\/{rel}","templated":true}]}}