{"id":4060,"date":"2012-01-09T16:05:30","date_gmt":"2012-01-09T16:05:30","guid":{"rendered":"http:\/\/apub.org.br\/?p=4060"},"modified":"2012-01-09T16:05:30","modified_gmt":"2012-01-09T16:05:30","slug":"nota-de-falecimento-6","status":"publish","type":"post","link":"https:\/\/apub.org.br\/siteantigo\/nota-de-falecimento-6\/","title":{"rendered":"NOTAS DE FALECIMENTOS"},"content":{"rendered":"<p style=\"text-align: justify;\">A Apub Sindicato lamenta a morte de Fernando Ferraz, um dos fundadores da Assufba e representante da Sess\u00e3o IGEO, e se solidariza aos familiares. Ele faleceu nesta segunda-feira (9).<\/p>\n<p><strong>Morre presidente do Sindicato dos M\u00e9dicos da Bahia<\/strong><\/p>\n<p style=\"text-align: justify;\">O presidente do Sindicato dos M\u00e9dicos da Bahia (Sindimed-BA), Jos\u00e9 Caires Meira, 51 anos, morreu na tarde de s\u00e1bado (7), v\u00edtima de infarto.\u00a0Jos\u00e9 Caires era um defensor da causa m\u00e9dica, sempre demonstrando grande empenho na busca de melhorias para a categoria. H\u00e1 16 anos participava da diretoria do Sindicato dos M\u00e9dicos, exercendo por duas vezes o cargo de presidente (estava no segundo mandato). Fonte: Jornal A Tarde<\/p>\n","protected":false},"excerpt":{"rendered":"<p>A Apub Sindicato lamenta a morte de Fernando Ferraz, um dos fundadores da Assufba e representante da Sess\u00e3o IGEO, e se solidariza aos familiares. Ele faleceu nesta segunda-feira (9). Morre presidente do Sindicato dos M\u00e9dicos da Bahia O presidente do Sindicato dos M\u00e9dicos da Bahia (Sindimed-BA), Jos\u00e9 Caires Meira, 51 anos, morreu na tarde de [&hellip;]<\/p>\n","protected":false},"author":1,"featured_media":0,"comment_status":"closed","ping_status":"closed","sticky":false,"template":"","format":"standard","meta":{"footnotes":""},"categories":[146],"tags":[],"class_list":["post-4060","post","type-post","status-publish","format-standard","hentry","category-latest-news"],"_links":{"self":[{"href":"https:\/\/apub.org.br\/siteantigo\/wp-json\/wp\/v2\/posts\/4060","targetHints":{"allow":["GET"]}}],"collection":[{"href":"https:\/\/apub.org.br\/siteantigo\/wp-json\/wp\/v2\/posts"}],"about":[{"href":"https:\/\/apub.org.br\/siteantigo\/wp-json\/wp\/v2\/types\/post"}],"author":[{"embeddable":true,"href":"https:\/\/apub.org.br\/siteantigo\/wp-json\/wp\/v2\/users\/1"}],"replies":[{"embeddable":true,"href":"https:\/\/apub.org.br\/siteantigo\/wp-json\/wp\/v2\/comments?post=4060"}],"version-history":[{"count":0,"href":"https:\/\/apub.org.br\/siteantigo\/wp-json\/wp\/v2\/posts\/4060\/revisions"}],"wp:attachment":[{"href":"https:\/\/apub.org.br\/siteantigo\/wp-json\/wp\/v2\/media?parent=4060"}],"wp:term":[{"taxonomy":"category","embeddable":true,"href":"https:\/\/apub.org.br\/siteantigo\/wp-json\/wp\/v2\/categories?post=4060"},{"taxonomy":"post_tag","embeddable":true,"href":"https:\/\/apub.org.br\/siteantigo\/wp-json\/wp\/v2\/tags?post=4060"}],"curies":[{"name":"wp","href":"https:\/\/api.w.org\/{rel}","templated":true}]}}