{"id":44441,"date":"2023-07-03T15:56:00","date_gmt":"2023-07-03T18:56:00","guid":{"rendered":"http:\/\/apub.org.br\/?p=44441"},"modified":"2023-07-03T15:58:59","modified_gmt":"2023-07-03T18:58:59","slug":"apub-falou-sobre-o-bicentenario-da-independencia-da-bahia-no-programa-do-trabalhador-01-07-2023","status":"publish","type":"post","link":"https:\/\/apub.org.br\/siteantigo\/apub-falou-sobre-o-bicentenario-da-independencia-da-bahia-no-programa-do-trabalhador-01-07-2023\/","title":{"rendered":"Apub falou sobre o Bicenten\u00e1rio da Independ\u00eancia da Bahia no Programa do Trabalhador &#8211; 01\/07\/2023"},"content":{"rendered":"\n<figure class=\"wp-block-audio\"><audio controls src=\"http:\/\/apub.org.br\/wp-content\/uploads\/2023\/07\/Programa-do-trabalhador-01.07.2023.mp3\"><\/audio><\/figure>\n\n\n\n<p>A Apub Sindicato participou da edi\u00e7\u00e3o do Programa do Trabalhador e da Trabalhadora, da r\u00e1dio Metr\u00f3pole, no s\u00e1bado, 01 de julho de 2023. A presidenta da entidade, Marta L\u00edcia Teles, foi entrevistada pelo apresentador Raniere Alves. Durante a conversa, Marta falou sobre a participa\u00e7\u00e3o da Apub no desfile do 2 de julho e nas atividades do Bicenten\u00e1rio da Independ\u00eancia da Bahia; al\u00e9m da participa\u00e7\u00e3o da Apub e do Proifes na reuni\u00e3o com o Ministro da Educa\u00e7\u00e3o, Camilo Santana. Ou\u00e7a a entrevista na \u00edntegra.<\/p>\n\n\n\n<p><\/p>\n","protected":false},"excerpt":{"rendered":"<p>A Apub Sindicato participou da edi\u00e7\u00e3o do Programa do Trabalhador e da Trabalhadora, da r\u00e1dio Metr\u00f3pole, no s\u00e1bado, 01 de julho de 2023. A presidenta da entidade, Marta L\u00edcia Teles, foi entrevistada pelo apresentador Raniere Alves. Durante a conversa, Marta falou sobre a participa\u00e7\u00e3o da Apub no desfile do 2 de julho e nas atividades [&hellip;]<\/p>\n","protected":false},"author":2,"featured_media":44442,"comment_status":"closed","ping_status":"closed","sticky":false,"template":"","format":"standard","meta":{"footnotes":""},"categories":[871,146],"tags":[],"class_list":["post-44441","post","type-post","status-publish","format-standard","has-post-thumbnail","hentry","category-programa-do-trabalhador","category-latest-news"],"_links":{"self":[{"href":"https:\/\/apub.org.br\/siteantigo\/wp-json\/wp\/v2\/posts\/44441","targetHints":{"allow":["GET"]}}],"collection":[{"href":"https:\/\/apub.org.br\/siteantigo\/wp-json\/wp\/v2\/posts"}],"about":[{"href":"https:\/\/apub.org.br\/siteantigo\/wp-json\/wp\/v2\/types\/post"}],"author":[{"embeddable":true,"href":"https:\/\/apub.org.br\/siteantigo\/wp-json\/wp\/v2\/users\/2"}],"replies":[{"embeddable":true,"href":"https:\/\/apub.org.br\/siteantigo\/wp-json\/wp\/v2\/comments?post=44441"}],"version-history":[{"count":4,"href":"https:\/\/apub.org.br\/siteantigo\/wp-json\/wp\/v2\/posts\/44441\/revisions"}],"predecessor-version":[{"id":44447,"href":"https:\/\/apub.org.br\/siteantigo\/wp-json\/wp\/v2\/posts\/44441\/revisions\/44447"}],"wp:featuredmedia":[{"embeddable":true,"href":"https:\/\/apub.org.br\/siteantigo\/wp-json\/wp\/v2\/media\/44442"}],"wp:attachment":[{"href":"https:\/\/apub.org.br\/siteantigo\/wp-json\/wp\/v2\/media?parent=44441"}],"wp:term":[{"taxonomy":"category","embeddable":true,"href":"https:\/\/apub.org.br\/siteantigo\/wp-json\/wp\/v2\/categories?post=44441"},{"taxonomy":"post_tag","embeddable":true,"href":"https:\/\/apub.org.br\/siteantigo\/wp-json\/wp\/v2\/tags?post=44441"}],"curies":[{"name":"wp","href":"https:\/\/api.w.org\/{rel}","templated":true}]}}