{"id":44449,"date":"2023-07-05T11:03:31","date_gmt":"2023-07-05T14:03:31","guid":{"rendered":"http:\/\/apub.org.br\/?p=44449"},"modified":"2023-07-05T11:04:58","modified_gmt":"2023-07-05T14:04:58","slug":"feira-de-empreendedorismo-cultural-afro-e-indigena-e-realizada-na-escola-de-administracao-da-ufba","status":"publish","type":"post","link":"https:\/\/apub.org.br\/siteantigo\/feira-de-empreendedorismo-cultural-afro-e-indigena-e-realizada-na-escola-de-administracao-da-ufba\/","title":{"rendered":"Feira de Empreendedorismo Cultural Afro e Ind\u00edgena \u00e9 realizada na Escola de Administra\u00e7\u00e3o da UFBA"},"content":{"rendered":"\n<p>No dia 04 de julho, a Escola de Administra\u00e7\u00e3o da UFBA foi palco da Feira de Empreendedorismo Cultural Afro e Ind\u00edgena, evento organizado por estudantes da disciplina \u201cIntrodu\u00e7\u00e3o \u00e0 Administra\u00e7\u00e3o\u201d, ministrada pelo professor Floriano Barboza, ex-coordenador do Curso de Gradua\u00e7\u00e3o em Administra\u00e7\u00e3o.<\/p>\n\n\n\n<p>A atividade \u00e9 o trabalho final do curso, em que a turma se organiza como uma empresa, dividida em setores, para a concep\u00e7\u00e3o, gest\u00e3o e realiza\u00e7\u00e3o final da Feira. A programa\u00e7\u00e3o contou com uma roda de conversa, que recebeu mulheres e homens empreendedores, negros e ind\u00edgenas, de diversas \u00e1reas; com apresenta\u00e7\u00f5es art\u00edsticas desses grupos \u00e9tnico-raciais; e tamb\u00e9m a exposi\u00e7\u00e3o para comercializa\u00e7\u00e3o de produtos, como artesanatos e alimentos.<\/p>\n\n\n\n<p>O objetivo da Feira, al\u00e9m do pedag\u00f3gico, foi explorar os significados de empreender a partir das concep\u00e7\u00f5es e do pertencimento desses grupos, e incentivar essa diversidade no empreendedorismo.<br>A presidenta da Apub, professora Marta L\u00edcia, estava de visita \u00e0 unidade neste dia para conversar com a dire\u00e7\u00e3o e instalar o totem do sindicato (display para colocar materiais e tamb\u00e9m acolher sugest\u00f5es das\/os docentes), quando pode prestigiar o evento.<\/p>\n\n\n\n<figure class=\"wp-block-image aligncenter size-large\"><img fetchpriority=\"high\" decoding=\"async\" width=\"588\" height=\"1024\" src=\"http:\/\/apub.org.br\/wp-content\/uploads\/2023\/07\/marta-e-floriano-588x1024.jpeg\" alt=\"\" class=\"wp-image-44454\" srcset=\"https:\/\/apub.org.br\/siteantigo\/wp-content\/uploads\/2023\/07\/marta-e-floriano-588x1024.jpeg 588w, https:\/\/apub.org.br\/siteantigo\/wp-content\/uploads\/2023\/07\/marta-e-floriano-172x300.jpeg 172w, https:\/\/apub.org.br\/siteantigo\/wp-content\/uploads\/2023\/07\/marta-e-floriano.jpeg 680w\" sizes=\"(max-width: 588px) 100vw, 588px\" \/><\/figure>\n\n\n\n<p>Tamb\u00e9m marcou presen\u00e7a o Mupoiba (Movimento Unido dos Povos e Organiza\u00e7\u00f5es Ind\u00edgenas da Bahia), organiza\u00e7\u00e3o que a Apub tem apoiado em suas mobiliza\u00e7\u00f5es.<\/p>\n\n\n\n<figure class=\"wp-block-image aligncenter size-large\"><img decoding=\"async\" width=\"768\" height=\"1024\" src=\"http:\/\/apub.org.br\/wp-content\/uploads\/2023\/07\/WhatsApp-Image-2023-07-04-at-17.23.50-768x1024.jpeg\" alt=\"\" class=\"wp-image-44452\" srcset=\"https:\/\/apub.org.br\/siteantigo\/wp-content\/uploads\/2023\/07\/WhatsApp-Image-2023-07-04-at-17.23.50-768x1024.jpeg 768w, https:\/\/apub.org.br\/siteantigo\/wp-content\/uploads\/2023\/07\/WhatsApp-Image-2023-07-04-at-17.23.50-225x300.jpeg 225w, https:\/\/apub.org.br\/siteantigo\/wp-content\/uploads\/2023\/07\/WhatsApp-Image-2023-07-04-at-17.23.50.jpeg 960w\" sizes=\"(max-width: 768px) 100vw, 768px\" \/><\/figure>\n","protected":false},"excerpt":{"rendered":"<p>No dia 04 de julho, a Escola de Administra\u00e7\u00e3o da UFBA foi palco da Feira de Empreendedorismo Cultural Afro e Ind\u00edgena, evento organizado por estudantes da disciplina \u201cIntrodu\u00e7\u00e3o \u00e0 Administra\u00e7\u00e3o\u201d, ministrada pelo professor Floriano Barboza, ex-coordenador do Curso de Gradua\u00e7\u00e3o em Administra\u00e7\u00e3o. A atividade \u00e9 o trabalho final do curso, em que a turma se [&hellip;]<\/p>\n","protected":false},"author":2,"featured_media":44451,"comment_status":"closed","ping_status":"closed","sticky":false,"template":"","format":"standard","meta":{"footnotes":""},"categories":[146],"tags":[],"class_list":["post-44449","post","type-post","status-publish","format-standard","has-post-thumbnail","hentry","category-latest-news"],"_links":{"self":[{"href":"https:\/\/apub.org.br\/siteantigo\/wp-json\/wp\/v2\/posts\/44449","targetHints":{"allow":["GET"]}}],"collection":[{"href":"https:\/\/apub.org.br\/siteantigo\/wp-json\/wp\/v2\/posts"}],"about":[{"href":"https:\/\/apub.org.br\/siteantigo\/wp-json\/wp\/v2\/types\/post"}],"author":[{"embeddable":true,"href":"https:\/\/apub.org.br\/siteantigo\/wp-json\/wp\/v2\/users\/2"}],"replies":[{"embeddable":true,"href":"https:\/\/apub.org.br\/siteantigo\/wp-json\/wp\/v2\/comments?post=44449"}],"version-history":[{"count":2,"href":"https:\/\/apub.org.br\/siteantigo\/wp-json\/wp\/v2\/posts\/44449\/revisions"}],"predecessor-version":[{"id":44456,"href":"https:\/\/apub.org.br\/siteantigo\/wp-json\/wp\/v2\/posts\/44449\/revisions\/44456"}],"wp:featuredmedia":[{"embeddable":true,"href":"https:\/\/apub.org.br\/siteantigo\/wp-json\/wp\/v2\/media\/44451"}],"wp:attachment":[{"href":"https:\/\/apub.org.br\/siteantigo\/wp-json\/wp\/v2\/media?parent=44449"}],"wp:term":[{"taxonomy":"category","embeddable":true,"href":"https:\/\/apub.org.br\/siteantigo\/wp-json\/wp\/v2\/categories?post=44449"},{"taxonomy":"post_tag","embeddable":true,"href":"https:\/\/apub.org.br\/siteantigo\/wp-json\/wp\/v2\/tags?post=44449"}],"curies":[{"name":"wp","href":"https:\/\/api.w.org\/{rel}","templated":true}]}}