{"id":44458,"date":"2023-07-06T10:25:41","date_gmt":"2023-07-06T13:25:41","guid":{"rendered":"http:\/\/apub.org.br\/?p=44458"},"modified":"2023-07-06T10:31:07","modified_gmt":"2023-07-06T13:31:07","slug":"autonomia-universitaria-proifes-entrega-a-comissao-de-educacao-da-camara-dos-deputados-anteprojeto-de-lei-que-trata-do-fim-da-lista-triplice","status":"publish","type":"post","link":"https:\/\/apub.org.br\/siteantigo\/autonomia-universitaria-proifes-entrega-a-comissao-de-educacao-da-camara-dos-deputados-anteprojeto-de-lei-que-trata-do-fim-da-lista-triplice\/","title":{"rendered":"Autonomia Universit\u00e1ria: PROIFES entrega \u00e0 Comiss\u00e3o de Educa\u00e7\u00e3o da C\u00e2mara dos Deputados anteprojeto de Lei que trata do fim da lista tr\u00edplice"},"content":{"rendered":"\n<p>Na tarde desta quarta-feira (05) o PROIFES-Federa\u00e7\u00e3o se reuniu com a assessoria do relator do projeto de lei que trata da autonomia universit\u00e1ria, Patrus Ananias. Na oportunidade, o PROIFES entregou o anteprojeto de lei feito pela entidade que defende, entre outros pontos, o fim da lista tr\u00edplice na escolha dos reitores das universidades federais.<\/p>\n\n\n\n<p>O encontro foi articulado pela deputada federal e segunda secret\u00e1ria da mesa diretora da C\u00e2mara, Maria do Ros\u00e1rio (PT-RS) e contou com a participa\u00e7\u00e3o do diretor tesoureiro do PROIFES, Fl\u00e1vio Silva, do diretor de assuntos Jur\u00eddicos, Jailson Santos e dos membros do conselho deliberativo, Jairo Bolter e Geovana Reis.<\/p>\n\n\n\n<figure class=\"wp-block-image size-full\"><img fetchpriority=\"high\" decoding=\"async\" width=\"900\" height=\"675\" src=\"http:\/\/apub.org.br\/wp-content\/uploads\/2023\/07\/reuniao-autonomia-universitaria.jpeg\" alt=\"\" class=\"wp-image-44464\" srcset=\"https:\/\/apub.org.br\/siteantigo\/wp-content\/uploads\/2023\/07\/reuniao-autonomia-universitaria.jpeg 900w, https:\/\/apub.org.br\/siteantigo\/wp-content\/uploads\/2023\/07\/reuniao-autonomia-universitaria-300x225.jpeg 300w, https:\/\/apub.org.br\/siteantigo\/wp-content\/uploads\/2023\/07\/reuniao-autonomia-universitaria-768x576.jpeg 768w\" sizes=\"(max-width: 900px) 100vw, 900px\" \/><\/figure>\n\n\n\n<p>A assessoria do relator do projeto na Comiss\u00e3o de Educa\u00e7\u00e3o da C\u00e2mara dos deputados recebeu o anteprojeto do PROIFES e se comprometeu a analisar o documento. Como encaminhamento da reuni\u00e3o, o PROIFES em conjunto com Patrus e a deputada Maria do Ros\u00e1rio ir\u00e3o realizar uma atividade on-line com dirigentes sindicais e docentes do magist\u00e9rio superior integrantes da base da Federa\u00e7\u00e3o, com o objetivo de debater os pontos de destaque do anteprojeto de lei em defesa da autonomia universit\u00e1ria.<\/p>\n\n\n\n<p>\u201cO PROIFES defende o fim da lista tr\u00edplice na escolha dos reitores das universidades federais, o processo de escolha de reitores e reitoras precisa iniciar e ser conclu\u00eddo dentro das institui\u00e7\u00f5es de ensino. O anteprojeto apresentado tem como prop\u00f3sito ser uma determina\u00e7\u00e3o legal de como deve ser entendida a autonomia universit\u00e1ria, acreditamos que o documento servir\u00e1 de base para o debate sobre o tema dentro da Comiss\u00e3o de Educa\u00e7\u00e3o\u201d, afirmou o membro do conselho deliberativo, Jairo Bolter.<\/p>\n\n\n\n<p>Confira o texto do anteprojeto:<\/p>\n\n\n\n<div data-wp-interactive=\"core\/file\" class=\"wp-block-file\"><object data-wp-bind--hidden=\"!state.hasPdfPreview\" hidden class=\"wp-block-file__embed\" data=\"http:\/\/apub.org.br\/wp-content\/uploads\/2023\/07\/proposta-anteprojeto-de-lei-autonomia-universitaria-2.pdf\" type=\"application\/pdf\" style=\"width:100%;height:600px\" aria-label=\"Incorporado de proposta-anteprojeto-de-lei-autonomia-universitaria-2.\"><\/object><a id=\"wp-block-file--media-dcb6d7d1-d89f-4386-b222-8a35da9bf014\" href=\"http:\/\/apub.org.br\/wp-content\/uploads\/2023\/07\/proposta-anteprojeto-de-lei-autonomia-universitaria-2.pdf\">proposta-anteprojeto-de-lei-autonomia-universitaria-2<\/a><a href=\"http:\/\/apub.org.br\/wp-content\/uploads\/2023\/07\/proposta-anteprojeto-de-lei-autonomia-universitaria-2.pdf\" class=\"wp-block-file__button wp-element-button\" download aria-describedby=\"wp-block-file--media-dcb6d7d1-d89f-4386-b222-8a35da9bf014\">Baixar<\/a><\/div>\n","protected":false},"excerpt":{"rendered":"<p>Na tarde desta quarta-feira (05) o PROIFES-Federa\u00e7\u00e3o se reuniu com a assessoria do relator do projeto de lei que trata da autonomia universit\u00e1ria, Patrus Ananias. Na oportunidade, o PROIFES entregou o anteprojeto de lei feito pela entidade que defende, entre outros pontos, o fim da lista tr\u00edplice na escolha dos reitores das universidades federais. O [&hellip;]<\/p>\n","protected":false},"author":2,"featured_media":44463,"comment_status":"closed","ping_status":"closed","sticky":false,"template":"","format":"standard","meta":{"footnotes":""},"categories":[142,146],"tags":[],"class_list":["post-44458","post","type-post","status-publish","format-standard","has-post-thumbnail","hentry","category-proifes-2","category-latest-news"],"_links":{"self":[{"href":"https:\/\/apub.org.br\/siteantigo\/wp-json\/wp\/v2\/posts\/44458","targetHints":{"allow":["GET"]}}],"collection":[{"href":"https:\/\/apub.org.br\/siteantigo\/wp-json\/wp\/v2\/posts"}],"about":[{"href":"https:\/\/apub.org.br\/siteantigo\/wp-json\/wp\/v2\/types\/post"}],"author":[{"embeddable":true,"href":"https:\/\/apub.org.br\/siteantigo\/wp-json\/wp\/v2\/users\/2"}],"replies":[{"embeddable":true,"href":"https:\/\/apub.org.br\/siteantigo\/wp-json\/wp\/v2\/comments?post=44458"}],"version-history":[{"count":1,"href":"https:\/\/apub.org.br\/siteantigo\/wp-json\/wp\/v2\/posts\/44458\/revisions"}],"predecessor-version":[{"id":44465,"href":"https:\/\/apub.org.br\/siteantigo\/wp-json\/wp\/v2\/posts\/44458\/revisions\/44465"}],"wp:featuredmedia":[{"embeddable":true,"href":"https:\/\/apub.org.br\/siteantigo\/wp-json\/wp\/v2\/media\/44463"}],"wp:attachment":[{"href":"https:\/\/apub.org.br\/siteantigo\/wp-json\/wp\/v2\/media?parent=44458"}],"wp:term":[{"taxonomy":"category","embeddable":true,"href":"https:\/\/apub.org.br\/siteantigo\/wp-json\/wp\/v2\/categories?post=44458"},{"taxonomy":"post_tag","embeddable":true,"href":"https:\/\/apub.org.br\/siteantigo\/wp-json\/wp\/v2\/tags?post=44458"}],"curies":[{"name":"wp","href":"https:\/\/api.w.org\/{rel}","templated":true}]}}