{"id":44478,"date":"2023-07-07T11:44:17","date_gmt":"2023-07-07T14:44:17","guid":{"rendered":"http:\/\/apub.org.br\/?p=44478"},"modified":"2023-07-10T10:26:34","modified_gmt":"2023-07-10T13:26:34","slug":"apub-realiza-roda-de-conversa-sobre-tecnopolitica-no-dia-10-07","status":"publish","type":"post","link":"https:\/\/apub.org.br\/siteantigo\/apub-realiza-roda-de-conversa-sobre-tecnopolitica-no-dia-10-07\/","title":{"rendered":"Apub realiza roda de conversa sobre Tecnopol\u00edtica no dia 10\/07"},"content":{"rendered":"\n<p>\u201cTecnopol\u00edtica: pol\u00edtica cognitiva\u201d ser\u00e1 tema de roda de conversa na sede da Apub, na pr\u00f3xima segunda-feira (10), \u00e0s 14 horas. A atividade \u00e9 promovida pelo Grupo de Trabalho (GT) de Ci\u00eancia, Tecnologia e Inova\u00e7\u00e3o do sindicato, e ter\u00e1 como debatedores Renato Dagnino (Unicamp), Ricardo Coutinho (UFBA) e a media\u00e7\u00e3o ser\u00e1 feita pela diretora Administrativa da Apub, B\u00e1rbara Coelho.<\/p>\n","protected":false},"excerpt":{"rendered":"<p>\u201cTecnopol\u00edtica: pol\u00edtica cognitiva\u201d ser\u00e1 tema de roda de conversa na sede da Apub, na pr\u00f3xima segunda-feira (10), \u00e0s 14 horas. A atividade \u00e9 promovida pelo Grupo de Trabalho (GT) de Ci\u00eancia, Tecnologia e Inova\u00e7\u00e3o do sindicato, e ter\u00e1 como debatedores Renato Dagnino (Unicamp), Ricardo Coutinho (UFBA) e a media\u00e7\u00e3o ser\u00e1 feita pela diretora Administrativa da [&hellip;]<\/p>\n","protected":false},"author":2,"featured_media":44505,"comment_status":"closed","ping_status":"closed","sticky":false,"template":"","format":"standard","meta":{"footnotes":""},"categories":[893,146],"tags":[],"class_list":["post-44478","post","type-post","status-publish","format-standard","has-post-thumbnail","hentry","category-ciencia-e-tecnologia","category-latest-news"],"_links":{"self":[{"href":"https:\/\/apub.org.br\/siteantigo\/wp-json\/wp\/v2\/posts\/44478","targetHints":{"allow":["GET"]}}],"collection":[{"href":"https:\/\/apub.org.br\/siteantigo\/wp-json\/wp\/v2\/posts"}],"about":[{"href":"https:\/\/apub.org.br\/siteantigo\/wp-json\/wp\/v2\/types\/post"}],"author":[{"embeddable":true,"href":"https:\/\/apub.org.br\/siteantigo\/wp-json\/wp\/v2\/users\/2"}],"replies":[{"embeddable":true,"href":"https:\/\/apub.org.br\/siteantigo\/wp-json\/wp\/v2\/comments?post=44478"}],"version-history":[{"count":2,"href":"https:\/\/apub.org.br\/siteantigo\/wp-json\/wp\/v2\/posts\/44478\/revisions"}],"predecessor-version":[{"id":44481,"href":"https:\/\/apub.org.br\/siteantigo\/wp-json\/wp\/v2\/posts\/44478\/revisions\/44481"}],"wp:featuredmedia":[{"embeddable":true,"href":"https:\/\/apub.org.br\/siteantigo\/wp-json\/wp\/v2\/media\/44505"}],"wp:attachment":[{"href":"https:\/\/apub.org.br\/siteantigo\/wp-json\/wp\/v2\/media?parent=44478"}],"wp:term":[{"taxonomy":"category","embeddable":true,"href":"https:\/\/apub.org.br\/siteantigo\/wp-json\/wp\/v2\/categories?post=44478"},{"taxonomy":"post_tag","embeddable":true,"href":"https:\/\/apub.org.br\/siteantigo\/wp-json\/wp\/v2\/tags?post=44478"}],"curies":[{"name":"wp","href":"https:\/\/api.w.org\/{rel}","templated":true}]}}