{"id":44483,"date":"2023-07-07T12:13:20","date_gmt":"2023-07-07T15:13:20","guid":{"rendered":"http:\/\/apub.org.br\/?p=44483"},"modified":"2023-07-07T12:13:22","modified_gmt":"2023-07-07T15:13:22","slug":"sarau-da-apub-acontece-na-proxima-quinta-feira-13","status":"publish","type":"post","link":"https:\/\/apub.org.br\/siteantigo\/sarau-da-apub-acontece-na-proxima-quinta-feira-13\/","title":{"rendered":"Sarau da Apub acontece na pr\u00f3xima quinta-feira (13)"},"content":{"rendered":"\n<p>Na pr\u00f3xima quinta-feira, 13 de julho, a Apub realizar\u00e1 um Sarau, das 16:30 \u00e0s 19h, na sede da entidade. A atividade \u00e9 organizada pela comiss\u00e3o de Aposentadas\/os da Apub, contar\u00e1 com poemas, cordel, causos e can\u00e7\u00f5es,\u00a0 e a participa\u00e7\u00e3o de Valnei Barbosa, Carmen Carvalho, Jo\u00e3o Augusto Rocha, Raimunda Bedasse e Malba Velame.<\/p>\n","protected":false},"excerpt":{"rendered":"<p>Na pr\u00f3xima quinta-feira, 13 de julho, a Apub realizar\u00e1 um Sarau, das 16:30 \u00e0s 19h, na sede da entidade. A atividade \u00e9 organizada pela comiss\u00e3o de Aposentadas\/os da Apub, contar\u00e1 com poemas, cordel, causos e can\u00e7\u00f5es,\u00a0 e a participa\u00e7\u00e3o de Valnei Barbosa, Carmen Carvalho, Jo\u00e3o Augusto Rocha, Raimunda Bedasse e Malba Velame.<\/p>\n","protected":false},"author":2,"featured_media":44485,"comment_status":"closed","ping_status":"closed","sticky":false,"template":"","format":"standard","meta":{"footnotes":""},"categories":[881,146],"tags":[],"class_list":["post-44483","post","type-post","status-publish","format-standard","has-post-thumbnail","hentry","category-cultura","category-latest-news"],"_links":{"self":[{"href":"https:\/\/apub.org.br\/siteantigo\/wp-json\/wp\/v2\/posts\/44483","targetHints":{"allow":["GET"]}}],"collection":[{"href":"https:\/\/apub.org.br\/siteantigo\/wp-json\/wp\/v2\/posts"}],"about":[{"href":"https:\/\/apub.org.br\/siteantigo\/wp-json\/wp\/v2\/types\/post"}],"author":[{"embeddable":true,"href":"https:\/\/apub.org.br\/siteantigo\/wp-json\/wp\/v2\/users\/2"}],"replies":[{"embeddable":true,"href":"https:\/\/apub.org.br\/siteantigo\/wp-json\/wp\/v2\/comments?post=44483"}],"version-history":[{"count":1,"href":"https:\/\/apub.org.br\/siteantigo\/wp-json\/wp\/v2\/posts\/44483\/revisions"}],"predecessor-version":[{"id":44486,"href":"https:\/\/apub.org.br\/siteantigo\/wp-json\/wp\/v2\/posts\/44483\/revisions\/44486"}],"wp:featuredmedia":[{"embeddable":true,"href":"https:\/\/apub.org.br\/siteantigo\/wp-json\/wp\/v2\/media\/44485"}],"wp:attachment":[{"href":"https:\/\/apub.org.br\/siteantigo\/wp-json\/wp\/v2\/media?parent=44483"}],"wp:term":[{"taxonomy":"category","embeddable":true,"href":"https:\/\/apub.org.br\/siteantigo\/wp-json\/wp\/v2\/categories?post=44483"},{"taxonomy":"post_tag","embeddable":true,"href":"https:\/\/apub.org.br\/siteantigo\/wp-json\/wp\/v2\/tags?post=44483"}],"curies":[{"name":"wp","href":"https:\/\/api.w.org\/{rel}","templated":true}]}}