{"id":44487,"date":"2023-07-07T13:22:19","date_gmt":"2023-07-07T16:22:19","guid":{"rendered":"http:\/\/apub.org.br\/?p=44487"},"modified":"2023-07-07T13:22:21","modified_gmt":"2023-07-07T16:22:21","slug":"professora-ana-elisa-toma-posse-no-conselho-federal-de-medicina-veterinaria","status":"publish","type":"post","link":"https:\/\/apub.org.br\/siteantigo\/professora-ana-elisa-toma-posse-no-conselho-federal-de-medicina-veterinaria\/","title":{"rendered":"Professora Ana Elisa toma posse no Conselho Federal de Medicina Veterin\u00e1ria"},"content":{"rendered":"\n<p>A professora e m\u00e9dica-veterin\u00e1ria Ana Elisa Fernandes de Souza Almeida ser\u00e1 a primeira mulher a presidir o Conselho Federal de Medicina Veterin\u00e1ria. A elei\u00e7\u00e3o aconteceu na \u00faltima ter\u00e7a-feira (4), na sede do conselho, em Bras\u00edlia.<br>A diretoria da Apub parabeniza a professora Ana Elisa, que \u00e9 filiada ao sindicato desde 1990, e foi presidente do Conselho Regional de Medicina Veterin\u00e1ria do Estado da Bahia (CRMV-BA). Formada pela Universidade Federal da Bahia, Ana Elisa foi professora titular de Anatomia no mesmo curso e institui\u00e7\u00e3o em que se formou.<\/p>\n","protected":false},"excerpt":{"rendered":"<p>A professora e m\u00e9dica-veterin\u00e1ria Ana Elisa Fernandes de Souza Almeida ser\u00e1 a primeira mulher a presidir o Conselho Federal de Medicina Veterin\u00e1ria. A elei\u00e7\u00e3o aconteceu na \u00faltima ter\u00e7a-feira (4), na sede do conselho, em Bras\u00edlia.A diretoria da Apub parabeniza a professora Ana Elisa, que \u00e9 filiada ao sindicato desde 1990, e foi presidente do Conselho [&hellip;]<\/p>\n","protected":false},"author":2,"featured_media":44489,"comment_status":"closed","ping_status":"closed","sticky":false,"template":"","format":"standard","meta":{"footnotes":""},"categories":[146],"tags":[],"class_list":["post-44487","post","type-post","status-publish","format-standard","has-post-thumbnail","hentry","category-latest-news"],"_links":{"self":[{"href":"https:\/\/apub.org.br\/siteantigo\/wp-json\/wp\/v2\/posts\/44487","targetHints":{"allow":["GET"]}}],"collection":[{"href":"https:\/\/apub.org.br\/siteantigo\/wp-json\/wp\/v2\/posts"}],"about":[{"href":"https:\/\/apub.org.br\/siteantigo\/wp-json\/wp\/v2\/types\/post"}],"author":[{"embeddable":true,"href":"https:\/\/apub.org.br\/siteantigo\/wp-json\/wp\/v2\/users\/2"}],"replies":[{"embeddable":true,"href":"https:\/\/apub.org.br\/siteantigo\/wp-json\/wp\/v2\/comments?post=44487"}],"version-history":[{"count":1,"href":"https:\/\/apub.org.br\/siteantigo\/wp-json\/wp\/v2\/posts\/44487\/revisions"}],"predecessor-version":[{"id":44490,"href":"https:\/\/apub.org.br\/siteantigo\/wp-json\/wp\/v2\/posts\/44487\/revisions\/44490"}],"wp:featuredmedia":[{"embeddable":true,"href":"https:\/\/apub.org.br\/siteantigo\/wp-json\/wp\/v2\/media\/44489"}],"wp:attachment":[{"href":"https:\/\/apub.org.br\/siteantigo\/wp-json\/wp\/v2\/media?parent=44487"}],"wp:term":[{"taxonomy":"category","embeddable":true,"href":"https:\/\/apub.org.br\/siteantigo\/wp-json\/wp\/v2\/categories?post=44487"},{"taxonomy":"post_tag","embeddable":true,"href":"https:\/\/apub.org.br\/siteantigo\/wp-json\/wp\/v2\/tags?post=44487"}],"curies":[{"name":"wp","href":"https:\/\/api.w.org\/{rel}","templated":true}]}}