{"id":44492,"date":"2023-07-07T15:38:45","date_gmt":"2023-07-07T18:38:45","guid":{"rendered":"http:\/\/apub.org.br\/?p=44492"},"modified":"2023-07-07T15:38:46","modified_gmt":"2023-07-07T18:38:46","slug":"projeto-de-alteracao-na-loa-para-ampliar-vagas-de-banco-de-professor-equivalente-e-quadro-de-referencia-dos-cargos-tae","status":"publish","type":"post","link":"https:\/\/apub.org.br\/siteantigo\/projeto-de-alteracao-na-loa-para-ampliar-vagas-de-banco-de-professor-equivalente-e-quadro-de-referencia-dos-cargos-tae\/","title":{"rendered":"Projeto de altera\u00e7\u00e3o na LOA para ampliar vagas de banco de professor-equivalente e quadro de refer\u00eancia dos cargos TAE"},"content":{"rendered":"\n<p>O governo federal enviou um projeto de altera\u00e7\u00e3o na Lei Or\u00e7ament\u00e1ria Anual para ampliar as vagas do Banco de Professor-Equivalente e Quadro de Refer\u00eancia dos Cargos de T\u00e9cnico-Administrativos em Educa\u00e7\u00e3o das institui\u00e7\u00f5es federais de ensino. A proposta busca fortalecer as universidades e permitir a contrata\u00e7\u00e3o de professores e t\u00e9cnicos ainda este ano.<\/p>\n\n\n\n<p>O Minist\u00e9rio da Educa\u00e7\u00e3o solicitou a amplia\u00e7\u00e3o, e o projeto conta com o apoio do Minist\u00e9rio da Gest\u00e3o e da Inova\u00e7\u00e3o em Servi\u00e7os P\u00fablicos. Com as novas vagas, o Banco alcan\u00e7a 15.773 cargos, de um total considerado ideal de 33.829. A medida foi poss\u00edvel atrav\u00e9s de um remanejamento or\u00e7ament\u00e1rio, sem aumento de despesas previstas. A \u00faltima amplia\u00e7\u00e3o ocorreu em 2018, mas foi reduzida em 65% do solicitado. Agora, espera-se a aprova\u00e7\u00e3o do Congresso Nacional.<\/p>\n","protected":false},"excerpt":{"rendered":"<p>O governo federal enviou um projeto de altera\u00e7\u00e3o na Lei Or\u00e7ament\u00e1ria Anual para ampliar as vagas do Banco de Professor-Equivalente e Quadro de Refer\u00eancia dos Cargos de T\u00e9cnico-Administrativos em Educa\u00e7\u00e3o das institui\u00e7\u00f5es federais de ensino. A proposta busca fortalecer as universidades e permitir a contrata\u00e7\u00e3o de professores e t\u00e9cnicos ainda este ano. O Minist\u00e9rio da [&hellip;]<\/p>\n","protected":false},"author":2,"featured_media":44493,"comment_status":"closed","ping_status":"closed","sticky":false,"template":"","format":"standard","meta":{"footnotes":""},"categories":[146],"tags":[],"class_list":["post-44492","post","type-post","status-publish","format-standard","has-post-thumbnail","hentry","category-latest-news"],"_links":{"self":[{"href":"https:\/\/apub.org.br\/siteantigo\/wp-json\/wp\/v2\/posts\/44492","targetHints":{"allow":["GET"]}}],"collection":[{"href":"https:\/\/apub.org.br\/siteantigo\/wp-json\/wp\/v2\/posts"}],"about":[{"href":"https:\/\/apub.org.br\/siteantigo\/wp-json\/wp\/v2\/types\/post"}],"author":[{"embeddable":true,"href":"https:\/\/apub.org.br\/siteantigo\/wp-json\/wp\/v2\/users\/2"}],"replies":[{"embeddable":true,"href":"https:\/\/apub.org.br\/siteantigo\/wp-json\/wp\/v2\/comments?post=44492"}],"version-history":[{"count":1,"href":"https:\/\/apub.org.br\/siteantigo\/wp-json\/wp\/v2\/posts\/44492\/revisions"}],"predecessor-version":[{"id":44494,"href":"https:\/\/apub.org.br\/siteantigo\/wp-json\/wp\/v2\/posts\/44492\/revisions\/44494"}],"wp:featuredmedia":[{"embeddable":true,"href":"https:\/\/apub.org.br\/siteantigo\/wp-json\/wp\/v2\/media\/44493"}],"wp:attachment":[{"href":"https:\/\/apub.org.br\/siteantigo\/wp-json\/wp\/v2\/media?parent=44492"}],"wp:term":[{"taxonomy":"category","embeddable":true,"href":"https:\/\/apub.org.br\/siteantigo\/wp-json\/wp\/v2\/categories?post=44492"},{"taxonomy":"post_tag","embeddable":true,"href":"https:\/\/apub.org.br\/siteantigo\/wp-json\/wp\/v2\/tags?post=44492"}],"curies":[{"name":"wp","href":"https:\/\/api.w.org\/{rel}","templated":true}]}}