{"id":44495,"date":"2023-07-07T15:39:49","date_gmt":"2023-07-07T18:39:49","guid":{"rendered":"http:\/\/apub.org.br\/?p=44495"},"modified":"2023-07-10T13:47:31","modified_gmt":"2023-07-10T16:47:31","slug":"apub-participa-de-reuniao-de-avaliacao-e-planejamento-do-observatorio-do-conhecimento","status":"publish","type":"post","link":"https:\/\/apub.org.br\/siteantigo\/apub-participa-de-reuniao-de-avaliacao-e-planejamento-do-observatorio-do-conhecimento\/","title":{"rendered":"Apub participa de reuni\u00e3o de avalia\u00e7\u00e3o e planejamento do Observat\u00f3rio do Conhecimento"},"content":{"rendered":"\n<p>Ontem, 06, aconteceu uma reuni\u00e3o do Observat\u00f3rio do Conhecimento e a Apub esteve representada pelas professoras Marta L\u00edcia Teles, presidenta, e Ana L\u00facia G\u00f3es, do Conselho de Representantes da Apub. Agora tamb\u00e9m comp\u00f5e a rede do Observat\u00f3rio o Sindiedutec &#8211; Sindicato dos Trabalhadores da Educa\u00e7\u00e3o B\u00e1sica T\u00e9cnica e Tecnol\u00f3gica do Estado do Paran\u00e1, filiado ao PROIFES-Federa\u00e7\u00e3o.<\/p>\n\n\n\n<p>O encontro no Rio de Janeiro foi um momento de compartilhamento e avalia\u00e7\u00e3o das a\u00e7\u00f5es do primeiro semestre deste ano; e tamb\u00e9m de uma an\u00e1lise de conjuntura e para organizar e avan\u00e7ar nas pautas do segundo semestre, com objetivo principal de fortalecimento das Universidades e Institutos Federais.&nbsp;&nbsp;<\/p>\n\n\n\n<p>Ficaram definidos alguns eixos de atua\u00e7\u00e3o nos pr\u00f3ximos meses: or\u00e7amento das IFES; autonomia universit\u00e1ria e projeto de lei para fim da lista tr\u00edplice para reitoria das IFES; cotas raciais e a\u00e7\u00f5es afirmativas; Programa Nacional de Alimenta\u00e7\u00e3o Escolar (PNAE); sa\u00fade mental de docentes e estudantes; e mulheres e Ci\u00eancia.&nbsp;<\/p>\n\n\n\n<p>Tamb\u00e9m foram discutidas estrat\u00e9gias para a incid\u00eancia pol\u00edtica nesses temas, principalmente junto ao Congresso.<\/p>\n","protected":false},"excerpt":{"rendered":"<p>Ontem, 06, aconteceu uma reuni\u00e3o do Observat\u00f3rio do Conhecimento e a Apub esteve representada pelas professoras Marta L\u00edcia Teles, presidenta, e Ana L\u00facia G\u00f3es, do Conselho de Representantes da Apub. Agora tamb\u00e9m comp\u00f5e a rede do Observat\u00f3rio o Sindiedutec &#8211; Sindicato dos Trabalhadores da Educa\u00e7\u00e3o B\u00e1sica T\u00e9cnica e Tecnol\u00f3gica do Estado do Paran\u00e1, filiado ao [&hellip;]<\/p>\n","protected":false},"author":2,"featured_media":44496,"comment_status":"closed","ping_status":"closed","sticky":false,"template":"","format":"standard","meta":{"footnotes":""},"categories":[146],"tags":[],"class_list":["post-44495","post","type-post","status-publish","format-standard","has-post-thumbnail","hentry","category-latest-news"],"_links":{"self":[{"href":"https:\/\/apub.org.br\/siteantigo\/wp-json\/wp\/v2\/posts\/44495","targetHints":{"allow":["GET"]}}],"collection":[{"href":"https:\/\/apub.org.br\/siteantigo\/wp-json\/wp\/v2\/posts"}],"about":[{"href":"https:\/\/apub.org.br\/siteantigo\/wp-json\/wp\/v2\/types\/post"}],"author":[{"embeddable":true,"href":"https:\/\/apub.org.br\/siteantigo\/wp-json\/wp\/v2\/users\/2"}],"replies":[{"embeddable":true,"href":"https:\/\/apub.org.br\/siteantigo\/wp-json\/wp\/v2\/comments?post=44495"}],"version-history":[{"count":2,"href":"https:\/\/apub.org.br\/siteantigo\/wp-json\/wp\/v2\/posts\/44495\/revisions"}],"predecessor-version":[{"id":44507,"href":"https:\/\/apub.org.br\/siteantigo\/wp-json\/wp\/v2\/posts\/44495\/revisions\/44507"}],"wp:featuredmedia":[{"embeddable":true,"href":"https:\/\/apub.org.br\/siteantigo\/wp-json\/wp\/v2\/media\/44496"}],"wp:attachment":[{"href":"https:\/\/apub.org.br\/siteantigo\/wp-json\/wp\/v2\/media?parent=44495"}],"wp:term":[{"taxonomy":"category","embeddable":true,"href":"https:\/\/apub.org.br\/siteantigo\/wp-json\/wp\/v2\/categories?post=44495"},{"taxonomy":"post_tag","embeddable":true,"href":"https:\/\/apub.org.br\/siteantigo\/wp-json\/wp\/v2\/tags?post=44495"}],"curies":[{"name":"wp","href":"https:\/\/api.w.org\/{rel}","templated":true}]}}