{"id":44910,"date":"2023-08-04T16:59:22","date_gmt":"2023-08-04T19:59:22","guid":{"rendered":"https:\/\/apub.org.br\/?p=44910"},"modified":"2023-08-04T16:59:24","modified_gmt":"2023-08-04T19:59:24","slug":"reuniao-do-fee-ba-discute-realizacao-da-conferencia-nacional-extraordinaria-da-educacao","status":"publish","type":"post","link":"https:\/\/apub.org.br\/siteantigo\/reuniao-do-fee-ba-discute-realizacao-da-conferencia-nacional-extraordinaria-da-educacao\/","title":{"rendered":"Reuni\u00e3o do FEE-BA discute realiza\u00e7\u00e3o da Confer\u00eancia Nacional Extraordin\u00e1ria da Educa\u00e7\u00e3o"},"content":{"rendered":"\n<p>No dia 26 de julho, aconteceu uma reuni\u00e3o do F\u00f3rum Estadual da Educa\u00e7\u00e3o da Bahia (FEE-BA) com a Uni\u00e3o Nacional dos Dirigentes Municipais de Educa\u00e7\u00e3o (Undime) para discutir a Confer\u00eancia Nacional Extraordin\u00e1ria da Educa\u00e7\u00e3o (CONAE) 2024 e a Confer\u00eancia Extraordin\u00e1ria da Educa\u00e7\u00e3o da Bahia. A Apub esteve presente representada pela professora Silvia Leite, do GT de Educa\u00e7\u00e3o.<\/p>\n\n\n\n<p>O F\u00f3rum Nacional da Educa\u00e7\u00e3o encaminhou of\u00edcio &#8211; destinado aos f\u00f3runs de educa\u00e7\u00e3o estaduais, secret\u00e1rios de estado e dirigentes municipais de educa\u00e7\u00e3o, conselheiros, entidades e movimentos &#8211;  pautando o planejamento e a realiza\u00e7\u00e3o da CONAEE 2024 com o objetivo de discutir o novo Plano Nacional da Educa\u00e7\u00e3o 2024-2034. O tema da confer\u00eancia ser\u00e1 \u201cPlano Nacional de Educa\u00e7\u00e3o (2024-2034): Pol\u00edtica de Estado para garantia da Educa\u00e7\u00e3o como direito humano, com justi\u00e7a social e desenvolvimento socioambiental sustent\u00e1vel&#8221;.\u00a0<\/p>\n\n\n\n<p>As datas definidas para a realiza\u00e7\u00e3o das confer\u00eancias municipais, estaduais e nacional s\u00e3o:<\/p>\n\n\n\n<p>Etapa Nacional: 28 a 31 de janeiro de 2024<br>Etapa Estadual: at\u00e9 19 de novembro de 2023<br>Etapa Municipal: at\u00e9 29 de outubro de 2023<\/p>\n\n\n\n<p>Assim, o FEE-BA discutiu as datas da realiza\u00e7\u00e3o dos confer\u00eancias municipais e estadual, que ter\u00e1 a primeira etapa online entre 20 e 21 de outubro e a segunda etapa presencial entre 04 e 05 de dezembro. <\/p>\n\n\n\n<p>Os debates da CONAEE ser\u00e3o em torno de 7 eixos tem\u00e1ticos:<\/p>\n\n\n\n<p><strong>Eixo I &#8211;<\/strong>&nbsp;O PNE como articulador do SNE, sua vincula\u00e7\u00e3o aos planos decenais estaduais, distrital e municipais de educa\u00e7\u00e3o, em prol das a\u00e7\u00f5es integradas e intersetoriais, em regime de colabora\u00e7\u00e3o interfederativa;<\/p>\n\n\n\n<p><strong>Eixo II &#8211;<\/strong>&nbsp;A garantia do direito de todas as pessoas \u00e0 educa\u00e7\u00e3o de qualidade social, com acesso, perman\u00eancia e conclus\u00e3o, em todos os n\u00edveis, etapas e modalidades, nos diferentes contextos e territ\u00f3rios;<\/p>\n\n\n\n<p><strong>Eixo III &#8211;<\/strong>&nbsp;Educa\u00e7\u00e3o, Direitos Humanos, Inclus\u00e3o e Diversidade: equidade e justi\u00e7a social na garantia do Direito \u00e0 Educa\u00e7\u00e3o para todos e combate \u00e0s diferentes e novas formas de desigualdade, discrimina\u00e7\u00e3o e viol\u00eancia;<\/p>\n\n\n\n<p><strong>Eixo IV &#8211;<\/strong>&nbsp;Gest\u00e3o Democr\u00e1tica e educa\u00e7\u00e3o de qualidade: regulamenta\u00e7\u00e3o, monitoramento, avalia\u00e7\u00e3o, \u00f3rg\u00e3os e mecanismos de controle e participa\u00e7\u00e3o social nos processos e espa\u00e7os de decis\u00e3o;<\/p>\n\n\n\n<p><strong>Eixo V &#8211;<\/strong>&nbsp;Valoriza\u00e7\u00e3o de profissionais da educa\u00e7\u00e3o: garantia do direito \u00e0 forma\u00e7\u00e3o inicial e continuada de qualidade, ao piso salarial e carreira, e \u00e0s condi\u00e7\u00f5es para o exerc\u00edcio da profiss\u00e3o e sa\u00fade;<\/p>\n\n\n\n<p><strong>Eixo VI &#8211;<\/strong>&nbsp;Financiamento p\u00fablico da educa\u00e7\u00e3o p\u00fablica, com controle social e garantia das condi\u00e7\u00f5es adequadas para a qualidade social da educa\u00e7\u00e3o, visando \u00e0 democratiza\u00e7\u00e3o do acesso e da perman\u00eancia;<\/p>\n\n\n\n<p><strong>Eixo VII &#8211;<\/strong>\u00a0Educa\u00e7\u00e3o comprometida com a justi\u00e7a social, a prote\u00e7\u00e3o da biodiversidade, o desenvolvimento socioambiental sustent\u00e1vel para a garantia da vida com qualidade no planeta e o enfrentamento das desigualdades e da pobreza.<\/p>\n","protected":false},"excerpt":{"rendered":"<p>No dia 26 de julho, aconteceu uma reuni\u00e3o do F\u00f3rum Estadual da Educa\u00e7\u00e3o da Bahia (FEE-BA) com a Uni\u00e3o Nacional dos Dirigentes Municipais de Educa\u00e7\u00e3o (Undime) para discutir a Confer\u00eancia Nacional Extraordin\u00e1ria da Educa\u00e7\u00e3o (CONAE) 2024 e a Confer\u00eancia Extraordin\u00e1ria da Educa\u00e7\u00e3o da Bahia. A Apub esteve presente representada pela professora Silvia Leite, do GT [&hellip;]<\/p>\n","protected":false},"author":2,"featured_media":44922,"comment_status":"closed","ping_status":"closed","sticky":false,"template":"","format":"standard","meta":{"footnotes":""},"categories":[530,139],"tags":[],"class_list":["post-44910","post","type-post","status-publish","format-standard","has-post-thumbnail","hentry","category-destaques-1","category-educacao"],"_links":{"self":[{"href":"https:\/\/apub.org.br\/siteantigo\/wp-json\/wp\/v2\/posts\/44910","targetHints":{"allow":["GET"]}}],"collection":[{"href":"https:\/\/apub.org.br\/siteantigo\/wp-json\/wp\/v2\/posts"}],"about":[{"href":"https:\/\/apub.org.br\/siteantigo\/wp-json\/wp\/v2\/types\/post"}],"author":[{"embeddable":true,"href":"https:\/\/apub.org.br\/siteantigo\/wp-json\/wp\/v2\/users\/2"}],"replies":[{"embeddable":true,"href":"https:\/\/apub.org.br\/siteantigo\/wp-json\/wp\/v2\/comments?post=44910"}],"version-history":[{"count":1,"href":"https:\/\/apub.org.br\/siteantigo\/wp-json\/wp\/v2\/posts\/44910\/revisions"}],"predecessor-version":[{"id":44923,"href":"https:\/\/apub.org.br\/siteantigo\/wp-json\/wp\/v2\/posts\/44910\/revisions\/44923"}],"wp:featuredmedia":[{"embeddable":true,"href":"https:\/\/apub.org.br\/siteantigo\/wp-json\/wp\/v2\/media\/44922"}],"wp:attachment":[{"href":"https:\/\/apub.org.br\/siteantigo\/wp-json\/wp\/v2\/media?parent=44910"}],"wp:term":[{"taxonomy":"category","embeddable":true,"href":"https:\/\/apub.org.br\/siteantigo\/wp-json\/wp\/v2\/categories?post=44910"},{"taxonomy":"post_tag","embeddable":true,"href":"https:\/\/apub.org.br\/siteantigo\/wp-json\/wp\/v2\/tags?post=44910"}],"curies":[{"name":"wp","href":"https:\/\/api.w.org\/{rel}","templated":true}]}}