{"id":44933,"date":"2023-08-04T17:18:31","date_gmt":"2023-08-04T20:18:31","guid":{"rendered":"https:\/\/apub.org.br\/?p=44933"},"modified":"2023-08-04T17:18:47","modified_gmt":"2023-08-04T20:18:47","slug":"apub-e-proifes-participarao-de-ato-nacional-em-defesa-da-educacao-publica-no-dia-9-em-brasilia","status":"publish","type":"post","link":"https:\/\/apub.org.br\/siteantigo\/apub-e-proifes-participarao-de-ato-nacional-em-defesa-da-educacao-publica-no-dia-9-em-brasilia\/","title":{"rendered":"Apub e PROIFES participar\u00e3o de Ato Nacional em Defesa da Educa\u00e7\u00e3o P\u00fablica no dia 9 em Bras\u00edlia"},"content":{"rendered":"\n<p>A Confedera\u00e7\u00e3o Nacional dos Trabalhadores em Educa\u00e7\u00e3o (CNTE) e o F\u00f3rum Popular Nacional da Educa\u00e7\u00e3o (FNPE) ir\u00e3o realizar na pr\u00f3xima quarta-feira (09), em Bras\u00edlia, o Ato Nacional em Defesa da Educa\u00e7\u00e3o P\u00fablica. O PROIFES-Federa\u00e7\u00e3o participar\u00e1 do ato, juntamente com as delega\u00e7\u00f5es dos sindicatos federados. Pela Apub, estar\u00e3o 9 docentes.<\/p>\n\n\n\n<p>A manifesta\u00e7\u00e3o tem como objetivo continuar fazendo press\u00e3o junto ao MEC pela revoga\u00e7\u00e3o do Novo Ensino M\u00e9dio (NEM), al\u00e9m de promover outras pautas como a educa\u00e7\u00e3o inclusiva, o financiamento para o setor e a desmilitariza\u00e7\u00e3o das escolas.<\/p>\n\n\n\n<p>\u201cO MEC tem 30 dias para apresentar proposta sobre a Consulta P\u00fablica do NEM e o encaminhamento sobre a reforma. \u00c9 por isso que n\u00f3s chamamos esse Ato Nacional para o dia 9 de agosto, considerando que o Minist\u00e9rio tem at\u00e9 o dia 6 de agosto para fazer um encaminhamento sobre o tema\u201d, explica o presidente da CNTE, Heleno Ara\u00fajo.<\/p>\n\n\n\n<p>Veja a programa\u00e7\u00e3o do evento no dia 09\/08:<\/p>\n\n\n\n<p>10h \u2013 Grande abra\u00e7o de press\u00e3o no MEC<\/p>\n\n\n\n<p>15h \u2013 Mobiliza\u00e7\u00e3o dos Trabalhadores em Educa\u00e7\u00e3o no estacionamento do anexo 2 da C\u00e2mara dos Deputados<\/p>\n\n\n\n<p>Fonte: PROIFES-Federa\u00e7\u00e3o<\/p>\n","protected":false},"excerpt":{"rendered":"<p>A Confedera\u00e7\u00e3o Nacional dos Trabalhadores em Educa\u00e7\u00e3o (CNTE) e o F\u00f3rum Popular Nacional da Educa\u00e7\u00e3o (FNPE) ir\u00e3o realizar na pr\u00f3xima quarta-feira (09), em Bras\u00edlia, o Ato Nacional em Defesa da Educa\u00e7\u00e3o P\u00fablica. O PROIFES-Federa\u00e7\u00e3o participar\u00e1 do ato, juntamente com as delega\u00e7\u00f5es dos sindicatos federados. Pela Apub, estar\u00e3o 9 docentes. A manifesta\u00e7\u00e3o tem como objetivo continuar [&hellip;]<\/p>\n","protected":false},"author":2,"featured_media":44934,"comment_status":"closed","ping_status":"closed","sticky":false,"template":"","format":"standard","meta":{"footnotes":""},"categories":[139,146],"tags":[],"class_list":["post-44933","post","type-post","status-publish","format-standard","has-post-thumbnail","hentry","category-educacao","category-latest-news"],"_links":{"self":[{"href":"https:\/\/apub.org.br\/siteantigo\/wp-json\/wp\/v2\/posts\/44933","targetHints":{"allow":["GET"]}}],"collection":[{"href":"https:\/\/apub.org.br\/siteantigo\/wp-json\/wp\/v2\/posts"}],"about":[{"href":"https:\/\/apub.org.br\/siteantigo\/wp-json\/wp\/v2\/types\/post"}],"author":[{"embeddable":true,"href":"https:\/\/apub.org.br\/siteantigo\/wp-json\/wp\/v2\/users\/2"}],"replies":[{"embeddable":true,"href":"https:\/\/apub.org.br\/siteantigo\/wp-json\/wp\/v2\/comments?post=44933"}],"version-history":[{"count":2,"href":"https:\/\/apub.org.br\/siteantigo\/wp-json\/wp\/v2\/posts\/44933\/revisions"}],"predecessor-version":[{"id":44936,"href":"https:\/\/apub.org.br\/siteantigo\/wp-json\/wp\/v2\/posts\/44933\/revisions\/44936"}],"wp:featuredmedia":[{"embeddable":true,"href":"https:\/\/apub.org.br\/siteantigo\/wp-json\/wp\/v2\/media\/44934"}],"wp:attachment":[{"href":"https:\/\/apub.org.br\/siteantigo\/wp-json\/wp\/v2\/media?parent=44933"}],"wp:term":[{"taxonomy":"category","embeddable":true,"href":"https:\/\/apub.org.br\/siteantigo\/wp-json\/wp\/v2\/categories?post=44933"},{"taxonomy":"post_tag","embeddable":true,"href":"https:\/\/apub.org.br\/siteantigo\/wp-json\/wp\/v2\/tags?post=44933"}],"curies":[{"name":"wp","href":"https:\/\/api.w.org\/{rel}","templated":true}]}}