{"id":46802,"date":"2024-01-10T16:40:05","date_gmt":"2024-01-10T19:40:05","guid":{"rendered":"https:\/\/apub.org.br\/?p=46802"},"modified":"2024-01-10T16:40:07","modified_gmt":"2024-01-10T19:40:07","slug":"proifes-e-convocado-para-3-mesa-de-negociacao-especifica-e-temporaria-do-ministerio-de-gestao-e-inovacao","status":"publish","type":"post","link":"https:\/\/apub.org.br\/siteantigo\/proifes-e-convocado-para-3-mesa-de-negociacao-especifica-e-temporaria-do-ministerio-de-gestao-e-inovacao\/","title":{"rendered":"PROIFES \u00e9 convocado para 3\u00b0 Mesa de Negocia\u00e7\u00e3o Espec\u00edfica e tempor\u00e1ria do Minist\u00e9rio de Gest\u00e3o e Inova\u00e7\u00e3o"},"content":{"rendered":"\n<p>O Minist\u00e9rio da Gest\u00e3o e Inova\u00e7\u00e3o em Servi\u00e7os P\u00fablicos convocou o PROIFES Federa\u00e7\u00e3o para a 3\u00b0 reuni\u00e3o da Mesa Espec\u00edfica e Tempor\u00e1ria da educa\u00e7\u00e3o que acontecer\u00e1 no dia 22 de fevereiro \u00e0s 15h.<\/p>\n\n\n\n<p>A \u00faltima reuni\u00e3o da mesa aconteceu em outubro de 2023 sem nenhuma apresenta\u00e7\u00e3o de propostas por parte do Governo que apenas recebeu as pautas das entidades presentes no encontro.&nbsp;<\/p>\n\n\n\n<p>Na ocasi\u00e3o, o PROIFES apresentou as reivindica\u00e7\u00f5es relativas a reposi\u00e7\u00e3o de perdas acumuladas, cuja proje\u00e7\u00e3o at\u00e9 janeiro deste ano \u00e9 estimada em 35%, ao piso salarial do magist\u00e9rio federal, considerando que uma faixa de docentes 40h e 20h tem recebimentos inferiores ao Piso Salarial Profissional Nacional e ao reajuste de benef\u00edcios e implementa\u00e7\u00e3o de mudan\u00e7as nas carreiras (magist\u00e9rio superior e EBTT).&nbsp;<a href=\"https:\/\/proifes.org.br\/em-mesa-de-negociacao-especifica-com-governo-proifes-reafirma-propostas-de-reestruturacao-de-carreira\/\" target=\"_blank\" rel=\"noreferrer noopener\">Confira aqui a pauta completa apresentada na \u00faltima reuni\u00e3o.<\/a><\/p>\n\n\n\n<p>A expectativa da Federa\u00e7\u00e3o \u00e9 que nesta nova Mesa, o Governo apresente contrapropostas para o que foi colocado em pauta pelas entidades para que o processo negocial da carreira do Magist\u00e9rio Superior se inicie de fato.<\/p>\n\n\n\n<p>Fonte: PROIFES<\/p>\n","protected":false},"excerpt":{"rendered":"<p>O Minist\u00e9rio da Gest\u00e3o e Inova\u00e7\u00e3o em Servi\u00e7os P\u00fablicos convocou o PROIFES Federa\u00e7\u00e3o para a 3\u00b0 reuni\u00e3o da Mesa Espec\u00edfica e Tempor\u00e1ria da educa\u00e7\u00e3o que acontecer\u00e1 no dia 22 de fevereiro \u00e0s 15h. A \u00faltima reuni\u00e3o da mesa aconteceu em outubro de 2023 sem nenhuma apresenta\u00e7\u00e3o de propostas por parte do Governo que apenas recebeu [&hellip;]<\/p>\n","protected":false},"author":2,"featured_media":46803,"comment_status":"closed","ping_status":"closed","sticky":false,"template":"","format":"standard","meta":{"footnotes":""},"categories":[146],"tags":[],"class_list":["post-46802","post","type-post","status-publish","format-standard","has-post-thumbnail","hentry","category-latest-news"],"_links":{"self":[{"href":"https:\/\/apub.org.br\/siteantigo\/wp-json\/wp\/v2\/posts\/46802","targetHints":{"allow":["GET"]}}],"collection":[{"href":"https:\/\/apub.org.br\/siteantigo\/wp-json\/wp\/v2\/posts"}],"about":[{"href":"https:\/\/apub.org.br\/siteantigo\/wp-json\/wp\/v2\/types\/post"}],"author":[{"embeddable":true,"href":"https:\/\/apub.org.br\/siteantigo\/wp-json\/wp\/v2\/users\/2"}],"replies":[{"embeddable":true,"href":"https:\/\/apub.org.br\/siteantigo\/wp-json\/wp\/v2\/comments?post=46802"}],"version-history":[{"count":1,"href":"https:\/\/apub.org.br\/siteantigo\/wp-json\/wp\/v2\/posts\/46802\/revisions"}],"predecessor-version":[{"id":46804,"href":"https:\/\/apub.org.br\/siteantigo\/wp-json\/wp\/v2\/posts\/46802\/revisions\/46804"}],"wp:featuredmedia":[{"embeddable":true,"href":"https:\/\/apub.org.br\/siteantigo\/wp-json\/wp\/v2\/media\/46803"}],"wp:attachment":[{"href":"https:\/\/apub.org.br\/siteantigo\/wp-json\/wp\/v2\/media?parent=46802"}],"wp:term":[{"taxonomy":"category","embeddable":true,"href":"https:\/\/apub.org.br\/siteantigo\/wp-json\/wp\/v2\/categories?post=46802"},{"taxonomy":"post_tag","embeddable":true,"href":"https:\/\/apub.org.br\/siteantigo\/wp-json\/wp\/v2\/tags?post=46802"}],"curies":[{"name":"wp","href":"https:\/\/api.w.org\/{rel}","templated":true}]}}