{"id":4803,"date":"2012-03-15T14:37:30","date_gmt":"2012-03-15T14:37:30","guid":{"rendered":"http:\/\/apub.org.br\/?p=4803"},"modified":"2012-03-15T14:37:30","modified_gmt":"2012-03-15T14:37:30","slug":"mercadante-fala-sobre-pne-e-carreira-docente","status":"publish","type":"post","link":"https:\/\/apub.org.br\/siteantigo\/mercadante-fala-sobre-pne-e-carreira-docente\/","title":{"rendered":"Mercadante fala sobre PNE e carreira docente"},"content":{"rendered":"<p style=\"text-align: justify;\"><a rel=\"attachment wp-att-4813\" href=\"http:\/\/apub.org.br\/?attachment_id=4813\"><img fetchpriority=\"high\" decoding=\"async\" class=\"alignright size-full wp-image-4813\" title=\"ministro_educacao_mercadante_apub_proifes\" src=\"http:\/\/apub.org.br\/wp-content\/uploads\/2012\/03\/ministro_educacao_mercadante_apub_proifes.jpg\" alt=\"\" width=\"300\" height=\"200\" \/><\/a>Para expor objetivos do Plano Nacional de Educa\u00e7\u00e3o 2011-2020 (PNE), o ministro da Educa\u00e7\u00e3o, Aloizio Mercadante, participou de reuni\u00e3o conjunta da Comiss\u00e3o de Educa\u00e7\u00e3o e Cultura e da Comiss\u00e3o Especial do Plano Nacional de Educa\u00e7\u00e3o na C\u00e2mara Federal, junto com o novo presidente da Comiss\u00e3o, Newton Lima (PT-SP), o presidente da comiss\u00e3o do PNE, Lelo Coimbra (PMDB-ES), e o relator do PNE, deputado \u00c2ngelo Vanhoni (PT-PR). O encontro ocorreu nesta quarta-feira (14). Sobre a valoriza\u00e7\u00e3o do docente, o ministro aposta no aux\u00edlio das universidades p\u00fablicas \u00e0 forma\u00e7\u00e3o dos professores e no acompanhamento pedag\u00f3gico. O ministro ainda pediu o apoio da C\u00e2mara para aprova\u00e7\u00e3o do Projeto de Lei 2134\/11, do Executivo, que cria 44 mil cargos efetivos, de dire\u00e7\u00e3o e fun\u00e7\u00f5es gratificadas em universidades p\u00fablicas federais e escolas t\u00e9cnicas federais (Institutos Federais de Educa\u00e7\u00e3o, Ci\u00eancia e Tecnologia \u2013 Ifets).<\/p>\n<p style=\"text-align: justify;\">Com informa\u00e7\u00f5es do Proifes Federa\u00e7\u00e3o. Confira a <a href=\"http:\/\/proifes.org.br\/mercadante-fala-sobre-pne-e-carreira-dos-docentes-em-audiencia-na-camara-dos-deputados\/\" target=\"_blank\">mat\u00e9ria<\/a> na \u00edntegra.<\/p>\n","protected":false},"excerpt":{"rendered":"<p>Para expor objetivos do Plano Nacional de Educa\u00e7\u00e3o 2011-2020 (PNE), o ministro da Educa\u00e7\u00e3o, Aloizio Mercadante, participou de reuni\u00e3o conjunta da Comiss\u00e3o de Educa\u00e7\u00e3o e Cultura e da Comiss\u00e3o Especial do Plano Nacional de Educa\u00e7\u00e3o na C\u00e2mara Federal, junto com o novo presidente da Comiss\u00e3o, Newton Lima (PT-SP), o presidente da comiss\u00e3o do PNE, Lelo [&hellip;]<\/p>\n","protected":false},"author":1,"featured_media":0,"comment_status":"closed","ping_status":"closed","sticky":false,"template":"","format":"standard","meta":{"footnotes":""},"categories":[146],"tags":[],"class_list":["post-4803","post","type-post","status-publish","format-standard","hentry","category-latest-news"],"_links":{"self":[{"href":"https:\/\/apub.org.br\/siteantigo\/wp-json\/wp\/v2\/posts\/4803","targetHints":{"allow":["GET"]}}],"collection":[{"href":"https:\/\/apub.org.br\/siteantigo\/wp-json\/wp\/v2\/posts"}],"about":[{"href":"https:\/\/apub.org.br\/siteantigo\/wp-json\/wp\/v2\/types\/post"}],"author":[{"embeddable":true,"href":"https:\/\/apub.org.br\/siteantigo\/wp-json\/wp\/v2\/users\/1"}],"replies":[{"embeddable":true,"href":"https:\/\/apub.org.br\/siteantigo\/wp-json\/wp\/v2\/comments?post=4803"}],"version-history":[{"count":0,"href":"https:\/\/apub.org.br\/siteantigo\/wp-json\/wp\/v2\/posts\/4803\/revisions"}],"wp:attachment":[{"href":"https:\/\/apub.org.br\/siteantigo\/wp-json\/wp\/v2\/media?parent=4803"}],"wp:term":[{"taxonomy":"category","embeddable":true,"href":"https:\/\/apub.org.br\/siteantigo\/wp-json\/wp\/v2\/categories?post=4803"},{"taxonomy":"post_tag","embeddable":true,"href":"https:\/\/apub.org.br\/siteantigo\/wp-json\/wp\/v2\/tags?post=4803"}],"curies":[{"name":"wp","href":"https:\/\/api.w.org\/{rel}","templated":true}]}}