{"id":4806,"date":"2012-03-15T15:40:40","date_gmt":"2012-03-15T15:40:40","guid":{"rendered":"http:\/\/apub.org.br\/?p=4806"},"modified":"2012-03-15T15:40:40","modified_gmt":"2012-03-15T15:40:40","slug":"senador-paulo-paim-recebe-presidente-do-proifes","status":"publish","type":"post","link":"https:\/\/apub.org.br\/siteantigo\/senador-paulo-paim-recebe-presidente-do-proifes\/","title":{"rendered":"Senador Paulo Paim recebe presidente do Proifes"},"content":{"rendered":"<p style=\"text-align: justify;\"><a rel=\"attachment wp-att-4809\" href=\"http:\/\/apub.org.br\/?attachment_id=4809\"><img fetchpriority=\"high\" decoding=\"async\" class=\"alignleft size-full wp-image-4809\" title=\"senador_paim_proifes_apub\" src=\"http:\/\/apub.org.br\/wp-content\/uploads\/2012\/03\/senador_paim_proifes_apub.jpg\" alt=\"\" width=\"300\" height=\"200\" \/><\/a>O presidente do Proifes Federa\u00e7\u00e3o, Eduardo Rolim de Oliveira, e o assessor parlamentar, Vilmar Locatelli, estiveram nesta quinta-feira (15) em audi\u00eancia com o senador Paulo Paim (PT-RS) para conversar sobre a cria\u00e7\u00e3o da Funpresp, aprovada na C\u00e2mara na semana passada. O professor explicou que a divis\u00e3o em tr\u00eas fundos distintos tornar\u00e1 ainda mais dif\u00edcil a sustentabilidade econ\u00f4mica da Funpresp. Uma grande preocupa\u00e7\u00e3o para o futuro. Eduardo Rolim questionou anda o senador sobre a tramita\u00e7\u00e3o da PEC 270\/2008, que trata sobre a aposentadoria integral para os que se aposentarem por invalidez desde que ingressantes no servi\u00e7o p\u00fablico antes de 2003. Paim disse que a proposta j\u00e1 aprovada na Comiss\u00e3o de Constitui\u00e7\u00e3o e Justi\u00e7a (CCJ) dever\u00e1 ter um tr\u00e2mite tranquilo no Plen\u00e1rio do Senado. O presidente do Proifes pediu ao senador aten\u00e7\u00e3o especial sobre o PL 2203\/2011, principalmente em rela\u00e7\u00e3o \u00e0 mudan\u00e7a de c\u00e1lculo dos adicionais de insalubridade e periculosidade introduzida pelo governo no texto sem negocia\u00e7\u00e3o com nenhuma entidade.<\/p>\n<p style=\"text-align: justify;\"><em>Com informa\u00e7\u00f5es do Proifes<\/em><\/p>\n","protected":false},"excerpt":{"rendered":"<p>O presidente do Proifes Federa\u00e7\u00e3o, Eduardo Rolim de Oliveira, e o assessor parlamentar, Vilmar Locatelli, estiveram nesta quinta-feira (15) em audi\u00eancia com o senador Paulo Paim (PT-RS) para conversar sobre a cria\u00e7\u00e3o da Funpresp, aprovada na C\u00e2mara na semana passada. O professor explicou que a divis\u00e3o em tr\u00eas fundos distintos tornar\u00e1 ainda mais dif\u00edcil a [&hellip;]<\/p>\n","protected":false},"author":1,"featured_media":0,"comment_status":"closed","ping_status":"closed","sticky":false,"template":"","format":"standard","meta":{"footnotes":""},"categories":[146],"tags":[],"class_list":["post-4806","post","type-post","status-publish","format-standard","hentry","category-latest-news"],"_links":{"self":[{"href":"https:\/\/apub.org.br\/siteantigo\/wp-json\/wp\/v2\/posts\/4806","targetHints":{"allow":["GET"]}}],"collection":[{"href":"https:\/\/apub.org.br\/siteantigo\/wp-json\/wp\/v2\/posts"}],"about":[{"href":"https:\/\/apub.org.br\/siteantigo\/wp-json\/wp\/v2\/types\/post"}],"author":[{"embeddable":true,"href":"https:\/\/apub.org.br\/siteantigo\/wp-json\/wp\/v2\/users\/1"}],"replies":[{"embeddable":true,"href":"https:\/\/apub.org.br\/siteantigo\/wp-json\/wp\/v2\/comments?post=4806"}],"version-history":[{"count":0,"href":"https:\/\/apub.org.br\/siteantigo\/wp-json\/wp\/v2\/posts\/4806\/revisions"}],"wp:attachment":[{"href":"https:\/\/apub.org.br\/siteantigo\/wp-json\/wp\/v2\/media?parent=4806"}],"wp:term":[{"taxonomy":"category","embeddable":true,"href":"https:\/\/apub.org.br\/siteantigo\/wp-json\/wp\/v2\/categories?post=4806"},{"taxonomy":"post_tag","embeddable":true,"href":"https:\/\/apub.org.br\/siteantigo\/wp-json\/wp\/v2\/tags?post=4806"}],"curies":[{"name":"wp","href":"https:\/\/api.w.org\/{rel}","templated":true}]}}