{"id":4819,"date":"2012-03-14T17:45:31","date_gmt":"2012-03-14T17:45:31","guid":{"rendered":"http:\/\/apub.org.br\/?p=4819"},"modified":"2012-03-14T17:45:31","modified_gmt":"2012-03-14T17:45:31","slug":"escola-politecnica-completa-115-anos","status":"publish","type":"post","link":"https:\/\/apub.org.br\/siteantigo\/escola-politecnica-completa-115-anos\/","title":{"rendered":"Escola Polit\u00e9cnica-UFBA completa 115 anos"},"content":{"rendered":"<p>Nesta quarta-feira (14), a Escola Polit\u00e9cnica da Universidade Federal da Bahia completou 115 anos de funda\u00e7\u00e3o. Para celebrar a data, foi feita uma extensa programa\u00e7\u00e3o, que come\u00e7ou na segunda-feira (12), sob o tema Integra\u00e7\u00e3o da Engenharia com a Ind\u00fastria, Sociedade e Pol\u00edticas P\u00fablicas. Foram realizadas mesa redonda, palestras e exposi\u00e7\u00f5es at\u00e9 esta quinta (15). Atualmente, a Escola tem cerca de 3 mil alunos e disponibiliza para o vestibular 770 vagas para 11 cursos na \u00e1rea de Engenharia.<\/p>\n","protected":false},"excerpt":{"rendered":"<p>Nesta quarta-feira (14), a Escola Polit\u00e9cnica da Universidade Federal da Bahia completou 115 anos de funda\u00e7\u00e3o. Para celebrar a data, foi feita uma extensa programa\u00e7\u00e3o, que come\u00e7ou na segunda-feira (12), sob o tema Integra\u00e7\u00e3o da Engenharia com a Ind\u00fastria, Sociedade e Pol\u00edticas P\u00fablicas. Foram realizadas mesa redonda, palestras e exposi\u00e7\u00f5es at\u00e9 esta quinta (15). Atualmente, [&hellip;]<\/p>\n","protected":false},"author":1,"featured_media":0,"comment_status":"closed","ping_status":"closed","sticky":false,"template":"","format":"standard","meta":{"footnotes":""},"categories":[146],"tags":[],"class_list":["post-4819","post","type-post","status-publish","format-standard","hentry","category-latest-news"],"_links":{"self":[{"href":"https:\/\/apub.org.br\/siteantigo\/wp-json\/wp\/v2\/posts\/4819","targetHints":{"allow":["GET"]}}],"collection":[{"href":"https:\/\/apub.org.br\/siteantigo\/wp-json\/wp\/v2\/posts"}],"about":[{"href":"https:\/\/apub.org.br\/siteantigo\/wp-json\/wp\/v2\/types\/post"}],"author":[{"embeddable":true,"href":"https:\/\/apub.org.br\/siteantigo\/wp-json\/wp\/v2\/users\/1"}],"replies":[{"embeddable":true,"href":"https:\/\/apub.org.br\/siteantigo\/wp-json\/wp\/v2\/comments?post=4819"}],"version-history":[{"count":0,"href":"https:\/\/apub.org.br\/siteantigo\/wp-json\/wp\/v2\/posts\/4819\/revisions"}],"wp:attachment":[{"href":"https:\/\/apub.org.br\/siteantigo\/wp-json\/wp\/v2\/media?parent=4819"}],"wp:term":[{"taxonomy":"category","embeddable":true,"href":"https:\/\/apub.org.br\/siteantigo\/wp-json\/wp\/v2\/categories?post=4819"},{"taxonomy":"post_tag","embeddable":true,"href":"https:\/\/apub.org.br\/siteantigo\/wp-json\/wp\/v2\/tags?post=4819"}],"curies":[{"name":"wp","href":"https:\/\/api.w.org\/{rel}","templated":true}]}}