{"id":4827,"date":"2012-03-16T13:35:45","date_gmt":"2012-03-16T13:35:45","guid":{"rendered":"http:\/\/apub.org.br\/?p=4827"},"modified":"2012-03-16T13:35:45","modified_gmt":"2012-03-16T13:35:45","slug":"ufrb-lanca-editais-para-professor-temporario","status":"publish","type":"post","link":"https:\/\/apub.org.br\/siteantigo\/ufrb-lanca-editais-para-professor-temporario\/","title":{"rendered":"UFRB lan\u00e7a editais para professor tempor\u00e1rio"},"content":{"rendered":"<p style=\"text-align: justify;\">Os docentes interessados nas vagas de professor tempor\u00e1rio t\u00eam at\u00e9 a pr\u00f3xima sexta-feira (23), para se inscrever no processo seletivo da Universidade Federal do Rec\u00f4ncavo da Bahia. As vagas s\u00e3o para o Centro de Ci\u00eancias da Sa\u00fade (CCS) e o Centro de Ci\u00eancias Exatas e Tecnol\u00f3gicas (CETEC). As inscri\u00e7\u00f5es devem ser feitas no N\u00facleo de Apoio Administrativo do Centro de Ci\u00eancias Exatas e Tecnol\u00f3gicas, de 8h \u00e0s 12h, ou 13h \u00e0s 17h. A taxa \u00e9 de R$ 60,00.<\/p>\n","protected":false},"excerpt":{"rendered":"<p>Os docentes interessados nas vagas de professor tempor\u00e1rio t\u00eam at\u00e9 a pr\u00f3xima sexta-feira (23), para se inscrever no processo seletivo da Universidade Federal do Rec\u00f4ncavo da Bahia. As vagas s\u00e3o para o Centro de Ci\u00eancias da Sa\u00fade (CCS) e o Centro de Ci\u00eancias Exatas e Tecnol\u00f3gicas (CETEC). As inscri\u00e7\u00f5es devem ser feitas no N\u00facleo de [&hellip;]<\/p>\n","protected":false},"author":1,"featured_media":0,"comment_status":"closed","ping_status":"closed","sticky":false,"template":"","format":"standard","meta":{"footnotes":""},"categories":[146],"tags":[],"class_list":["post-4827","post","type-post","status-publish","format-standard","hentry","category-latest-news"],"_links":{"self":[{"href":"https:\/\/apub.org.br\/siteantigo\/wp-json\/wp\/v2\/posts\/4827","targetHints":{"allow":["GET"]}}],"collection":[{"href":"https:\/\/apub.org.br\/siteantigo\/wp-json\/wp\/v2\/posts"}],"about":[{"href":"https:\/\/apub.org.br\/siteantigo\/wp-json\/wp\/v2\/types\/post"}],"author":[{"embeddable":true,"href":"https:\/\/apub.org.br\/siteantigo\/wp-json\/wp\/v2\/users\/1"}],"replies":[{"embeddable":true,"href":"https:\/\/apub.org.br\/siteantigo\/wp-json\/wp\/v2\/comments?post=4827"}],"version-history":[{"count":0,"href":"https:\/\/apub.org.br\/siteantigo\/wp-json\/wp\/v2\/posts\/4827\/revisions"}],"wp:attachment":[{"href":"https:\/\/apub.org.br\/siteantigo\/wp-json\/wp\/v2\/media?parent=4827"}],"wp:term":[{"taxonomy":"category","embeddable":true,"href":"https:\/\/apub.org.br\/siteantigo\/wp-json\/wp\/v2\/categories?post=4827"},{"taxonomy":"post_tag","embeddable":true,"href":"https:\/\/apub.org.br\/siteantigo\/wp-json\/wp\/v2\/tags?post=4827"}],"curies":[{"name":"wp","href":"https:\/\/api.w.org\/{rel}","templated":true}]}}