{"id":4830,"date":"2012-03-16T19:06:42","date_gmt":"2012-03-16T19:06:42","guid":{"rendered":"http:\/\/apub.org.br\/?p=4830"},"modified":"2012-03-16T19:06:42","modified_gmt":"2012-03-16T19:06:42","slug":"falta-de-seguranca-nas-intermediacoes-da-ufba-assusta","status":"publish","type":"post","link":"https:\/\/apub.org.br\/siteantigo\/falta-de-seguranca-nas-intermediacoes-da-ufba-assusta\/","title":{"rendered":"Falta de seguran\u00e7a nas imedia\u00e7\u00f5es da UFBA"},"content":{"rendered":"<p style=\"text-align: justify;\">Docentes e discentes da Universidade Federal da Bahia t\u00eam de conviver com a falta de seguran\u00e7a nas intermedia\u00e7\u00f5es dos campi. Os port\u00f5es do Campus Ondina, onde funcionam cursos noturnos, s\u00e3o fechados todos os dias \u00e0s 22h e os seguran\u00e7as s\u00f3 se responsabilizam pela parte interna. Quem depende do transporte p\u00fablico coletivo sofre ainda mais. Esta semana, por exemplo, uma professora e uma aluna do curso de Bacharelado em G\u00eanero e Diversidade da UFBA foram v\u00edtimas do problema. Enquanto aguardavam o \u00f4nibus, que demorou mais de uma hora, um homem se aproximou do grupo de sete mulheres e come\u00e7ou a se masturbar. Dois dias depois, quando a docente e a discente chegaram para aguardar o transporte, ele estava l\u00e1 novamente e chegou a amea\u00e7\u00e1-las. Com medo do risco de viol\u00eancia sexual que o homem representa, a professora fez um comunicado \u00e0 Pr\u00f3-Reitoria da Administra\u00e7\u00e3o e ao Gabinete da Reitora, exigindo solu\u00e7\u00e3o. Para a diretoria da Apub, a Universidade tem que tomar uma atitude urgente para restabelecer a seguran\u00e7a de discentes e docentes.<\/p>\n","protected":false},"excerpt":{"rendered":"<p>Docentes e discentes da Universidade Federal da Bahia t\u00eam de conviver com a falta de seguran\u00e7a nas intermedia\u00e7\u00f5es dos campi. Os port\u00f5es do Campus Ondina, onde funcionam cursos noturnos, s\u00e3o fechados todos os dias \u00e0s 22h e os seguran\u00e7as s\u00f3 se responsabilizam pela parte interna. Quem depende do transporte p\u00fablico coletivo sofre ainda mais. Esta [&hellip;]<\/p>\n","protected":false},"author":1,"featured_media":0,"comment_status":"closed","ping_status":"closed","sticky":false,"template":"","format":"standard","meta":{"footnotes":""},"categories":[146],"tags":[],"class_list":["post-4830","post","type-post","status-publish","format-standard","hentry","category-latest-news"],"_links":{"self":[{"href":"https:\/\/apub.org.br\/siteantigo\/wp-json\/wp\/v2\/posts\/4830","targetHints":{"allow":["GET"]}}],"collection":[{"href":"https:\/\/apub.org.br\/siteantigo\/wp-json\/wp\/v2\/posts"}],"about":[{"href":"https:\/\/apub.org.br\/siteantigo\/wp-json\/wp\/v2\/types\/post"}],"author":[{"embeddable":true,"href":"https:\/\/apub.org.br\/siteantigo\/wp-json\/wp\/v2\/users\/1"}],"replies":[{"embeddable":true,"href":"https:\/\/apub.org.br\/siteantigo\/wp-json\/wp\/v2\/comments?post=4830"}],"version-history":[{"count":0,"href":"https:\/\/apub.org.br\/siteantigo\/wp-json\/wp\/v2\/posts\/4830\/revisions"}],"wp:attachment":[{"href":"https:\/\/apub.org.br\/siteantigo\/wp-json\/wp\/v2\/media?parent=4830"}],"wp:term":[{"taxonomy":"category","embeddable":true,"href":"https:\/\/apub.org.br\/siteantigo\/wp-json\/wp\/v2\/categories?post=4830"},{"taxonomy":"post_tag","embeddable":true,"href":"https:\/\/apub.org.br\/siteantigo\/wp-json\/wp\/v2\/tags?post=4830"}],"curies":[{"name":"wp","href":"https:\/\/api.w.org\/{rel}","templated":true}]}}