{"id":4839,"date":"2012-03-22T10:43:41","date_gmt":"2012-03-22T10:43:41","guid":{"rendered":"http:\/\/apub.org.br\/?p=4839"},"modified":"2012-03-22T10:43:41","modified_gmt":"2012-03-22T10:43:41","slug":"ciclo-de-debate-em-geografia-no-ifba-salvador","status":"publish","type":"post","link":"https:\/\/apub.org.br\/siteantigo\/ciclo-de-debate-em-geografia-no-ifba-salvador\/","title":{"rendered":"Ciclo de Debate em Geografia no IFBA-Salvador"},"content":{"rendered":"<p style=\"text-align: justify;\">O m\u00eas de abril ser\u00e1 de discuss\u00f5es no IFBA. Nos dias 3, 12 e 18 acontece o I Ciclo de Debates Interdisciplinares em Geografia. As discuss\u00f5es come\u00e7am \u00e0s 19h, no audit\u00f3rio 2, do pavilh\u00e3o 2 do campus Salvador, e ser\u00e3o abertas ao p\u00fablico. Os debates s\u00e3o destinados aos alunos do curso de Licenciatura em Geografia do Instituto e conta com a participa\u00e7\u00e3o de palestrantes da Universidade Federal da Bahia. No primeiro dia, o tema \u00e9 \u201cO Ensino de Geografia no Mundo Globalizado\u201d. No segundo, a discuss\u00e3o \u00e9 em torno do \u201cEspa\u00e7o Geogr\u00e1fico e Representa\u00e7\u00e3o Pol\u00edtica \u2013 Di\u00e1logo Interdisciplinar a partir do Campo Brasileiro\u201d. O \u00faltimo \u00e9 sobre \u201cO sujeito e o poder em Michel Foucalt \u2013 Aspectos filos\u00f3ficos e Geogr\u00e1ficos\u201d.<\/p>\n","protected":false},"excerpt":{"rendered":"<p>O m\u00eas de abril ser\u00e1 de discuss\u00f5es no IFBA. Nos dias 3, 12 e 18 acontece o I Ciclo de Debates Interdisciplinares em Geografia. As discuss\u00f5es come\u00e7am \u00e0s 19h, no audit\u00f3rio 2, do pavilh\u00e3o 2 do campus Salvador, e ser\u00e3o abertas ao p\u00fablico. Os debates s\u00e3o destinados aos alunos do curso de Licenciatura em Geografia [&hellip;]<\/p>\n","protected":false},"author":1,"featured_media":0,"comment_status":"closed","ping_status":"closed","sticky":false,"template":"","format":"standard","meta":{"footnotes":""},"categories":[146],"tags":[],"class_list":["post-4839","post","type-post","status-publish","format-standard","hentry","category-latest-news"],"_links":{"self":[{"href":"https:\/\/apub.org.br\/siteantigo\/wp-json\/wp\/v2\/posts\/4839","targetHints":{"allow":["GET"]}}],"collection":[{"href":"https:\/\/apub.org.br\/siteantigo\/wp-json\/wp\/v2\/posts"}],"about":[{"href":"https:\/\/apub.org.br\/siteantigo\/wp-json\/wp\/v2\/types\/post"}],"author":[{"embeddable":true,"href":"https:\/\/apub.org.br\/siteantigo\/wp-json\/wp\/v2\/users\/1"}],"replies":[{"embeddable":true,"href":"https:\/\/apub.org.br\/siteantigo\/wp-json\/wp\/v2\/comments?post=4839"}],"version-history":[{"count":0,"href":"https:\/\/apub.org.br\/siteantigo\/wp-json\/wp\/v2\/posts\/4839\/revisions"}],"wp:attachment":[{"href":"https:\/\/apub.org.br\/siteantigo\/wp-json\/wp\/v2\/media?parent=4839"}],"wp:term":[{"taxonomy":"category","embeddable":true,"href":"https:\/\/apub.org.br\/siteantigo\/wp-json\/wp\/v2\/categories?post=4839"},{"taxonomy":"post_tag","embeddable":true,"href":"https:\/\/apub.org.br\/siteantigo\/wp-json\/wp\/v2\/tags?post=4839"}],"curies":[{"name":"wp","href":"https:\/\/api.w.org\/{rel}","templated":true}]}}