{"id":48652,"date":"2024-06-14T19:48:12","date_gmt":"2024-06-14T22:48:12","guid":{"rendered":"https:\/\/apub.org.br\/?p=48652"},"modified":"2024-06-14T19:48:19","modified_gmt":"2024-06-14T22:48:19","slug":"apub-na-escuta-na-faculdade-de-farmacia-e-na-escola-de-medicina-veterinaria-e-zootecnia-da-ufba","status":"publish","type":"post","link":"https:\/\/apub.org.br\/siteantigo\/apub-na-escuta-na-faculdade-de-farmacia-e-na-escola-de-medicina-veterinaria-e-zootecnia-da-ufba\/","title":{"rendered":"Apub na Escuta na Faculdade de Farm\u00e1cia e na Escola de Medicina Veterin\u00e1ria e Zootecnia da UFBA"},"content":{"rendered":"\n<p>A diretora da Apub, Fernanda Almeida esteve nas unidades &#8211; em Veterin\u00e1ria e Zootecnia no dia 13, \u00e0 tarde, com o professor Emanuel Lins (Direito) e Ana Clara Rebou\u00e7as (Conselho de Representantes); e em Farm\u00e1cia hoje (14), pela manh\u00e3, com o professor Ricardo Carvalho (Polit\u00e9cnica) &#8211; para ouvir as e os docentes sobre o momento greve na UFBA, tirar d\u00favidas sobre as mesas de negocia\u00e7\u00e3o, as conquistas da categoria com as mobiliza\u00e7\u00f5es. <\/p>\n\n\n\n<p>Tamb\u00e9m falaram sobre a import\u00e2ncia de participar da enquete e de atentarem sobre as desinforma\u00e7\u00f5es veiculadas e convocaram para a Assembleia no dia 18.<\/p>\n\n\n\n<figure class=\"wp-block-gallery has-nested-images columns-default is-cropped wp-block-gallery-1 is-layout-flex wp-block-gallery-is-layout-flex\">\n<figure class=\"wp-block-image size-large\"><img fetchpriority=\"high\" decoding=\"async\" width=\"1280\" height=\"960\" data-id=\"48654\" src=\"https:\/\/apub.org.br\/wp-content\/uploads\/2024\/06\/WhatsApp-Image-2024-06-13-at-14.54.43-1.jpeg\" alt=\"\" class=\"wp-image-48654\"\/><\/figure>\n\n\n\n<figure class=\"wp-block-image size-large\"><img decoding=\"async\" width=\"1280\" height=\"960\" data-id=\"48656\" src=\"https:\/\/apub.org.br\/wp-content\/uploads\/2024\/06\/WhatsApp-Image-2024-06-13-at-14.54.42.jpeg\" alt=\"\" class=\"wp-image-48656\"\/><\/figure>\n\n\n\n<figure class=\"wp-block-image size-large\"><img decoding=\"async\" width=\"1600\" height=\"1500\" data-id=\"48655\" src=\"https:\/\/apub.org.br\/wp-content\/uploads\/2024\/06\/WhatsApp-Image-2024-06-14-at-10.10.01.jpeg\" alt=\"\" class=\"wp-image-48655\"\/><\/figure>\n<\/figure>\n","protected":false},"excerpt":{"rendered":"<p>A diretora da Apub, Fernanda Almeida esteve nas unidades &#8211; em Veterin\u00e1ria e Zootecnia no dia 13, \u00e0 tarde, com o professor Emanuel Lins (Direito) e Ana Clara Rebou\u00e7as (Conselho de Representantes); e em Farm\u00e1cia hoje (14), pela manh\u00e3, com o professor Ricardo Carvalho (Polit\u00e9cnica) &#8211; para ouvir as e os docentes sobre o momento [&hellip;]<\/p>\n","protected":false},"author":2,"featured_media":48653,"comment_status":"closed","ping_status":"closed","sticky":false,"template":"","format":"standard","meta":{"footnotes":""},"categories":[896],"tags":[],"class_list":["post-48652","post","type-post","status-publish","format-standard","has-post-thumbnail","hentry","category-apub-na-escuta"],"_links":{"self":[{"href":"https:\/\/apub.org.br\/siteantigo\/wp-json\/wp\/v2\/posts\/48652","targetHints":{"allow":["GET"]}}],"collection":[{"href":"https:\/\/apub.org.br\/siteantigo\/wp-json\/wp\/v2\/posts"}],"about":[{"href":"https:\/\/apub.org.br\/siteantigo\/wp-json\/wp\/v2\/types\/post"}],"author":[{"embeddable":true,"href":"https:\/\/apub.org.br\/siteantigo\/wp-json\/wp\/v2\/users\/2"}],"replies":[{"embeddable":true,"href":"https:\/\/apub.org.br\/siteantigo\/wp-json\/wp\/v2\/comments?post=48652"}],"version-history":[{"count":2,"href":"https:\/\/apub.org.br\/siteantigo\/wp-json\/wp\/v2\/posts\/48652\/revisions"}],"predecessor-version":[{"id":48658,"href":"https:\/\/apub.org.br\/siteantigo\/wp-json\/wp\/v2\/posts\/48652\/revisions\/48658"}],"wp:featuredmedia":[{"embeddable":true,"href":"https:\/\/apub.org.br\/siteantigo\/wp-json\/wp\/v2\/media\/48653"}],"wp:attachment":[{"href":"https:\/\/apub.org.br\/siteantigo\/wp-json\/wp\/v2\/media?parent=48652"}],"wp:term":[{"taxonomy":"category","embeddable":true,"href":"https:\/\/apub.org.br\/siteantigo\/wp-json\/wp\/v2\/categories?post=48652"},{"taxonomy":"post_tag","embeddable":true,"href":"https:\/\/apub.org.br\/siteantigo\/wp-json\/wp\/v2\/tags?post=48652"}],"curies":[{"name":"wp","href":"https:\/\/api.w.org\/{rel}","templated":true}]}}