{"id":4874,"date":"2012-03-20T19:15:51","date_gmt":"2012-03-20T19:15:51","guid":{"rendered":"http:\/\/apub.org.br\/?p=4874"},"modified":"2012-03-20T19:15:51","modified_gmt":"2012-03-20T19:15:51","slug":"adiada-a-votacao-do-pl-da-antibaixaria","status":"publish","type":"post","link":"https:\/\/apub.org.br\/siteantigo\/adiada-a-votacao-do-pl-da-antibaixaria\/","title":{"rendered":"Adiada a vota\u00e7\u00e3o do PL da Antibaixaria"},"content":{"rendered":"<div id=\"_mcePaste\" style=\"text-align: justify;\">Prevista para ter\u00e7a-feira (20\/03), a vota\u00e7\u00e3o do projeto de lei Antibaixaria, de autoria da deputada Luiza Maia (PT), foi adiada para a pr\u00f3xima ter\u00e7a-feira (27\/03). O PL trata da n\u00e3o contrata\u00e7\u00e3o, com verbas p\u00fablicas, de artistas que degradem a imagem das mulheres.<\/div>\n<div id=\"_mcePaste\" style=\"text-align: justify;\">O projeto regulamenta, com mais de 20 anos de atraso, o Art. 282 da Constitui\u00e7\u00e3o Estadual. O inciso I afirma que a Bahia \u201cgarantir\u00e1, perante a sociedade, a imagem social da mulher como m\u00e3e, trabalhadora e cidad\u00e3 em igualdade de condi\u00e7\u00f5es com o homem, objetivando impedir a veicula\u00e7\u00e3o de mensagens que atentem contra a dignidade da mulher, refor\u00e7ando a discrimina\u00e7\u00e3o sexual ou racial\u201d.\u00a0A prorroga\u00e7\u00e3o foi solicitada pelo presidente da Assembleia Legislativa, Marcelo Nilo (PDT), que atendeu ao pedido de vistas do deputado Carlos Gilson (PTN), por conta de altera\u00e7\u00f5es feitas pelo deputado Jo\u00e3o Bonfim (PDT), novo relator do PL.<\/div>\n<p style=\"text-align: justify;\">\n","protected":false},"excerpt":{"rendered":"<p>Prevista para ter\u00e7a-feira (20\/03), a vota\u00e7\u00e3o do projeto de lei Antibaixaria, de autoria da deputada Luiza Maia (PT), foi adiada para a pr\u00f3xima ter\u00e7a-feira (27\/03). O PL trata da n\u00e3o contrata\u00e7\u00e3o, com verbas p\u00fablicas, de artistas que degradem a imagem das mulheres. O projeto regulamenta, com mais de 20 anos de atraso, o Art. 282 [&hellip;]<\/p>\n","protected":false},"author":1,"featured_media":0,"comment_status":"closed","ping_status":"closed","sticky":false,"template":"","format":"standard","meta":{"footnotes":""},"categories":[146],"tags":[],"class_list":["post-4874","post","type-post","status-publish","format-standard","hentry","category-latest-news"],"_links":{"self":[{"href":"https:\/\/apub.org.br\/siteantigo\/wp-json\/wp\/v2\/posts\/4874","targetHints":{"allow":["GET"]}}],"collection":[{"href":"https:\/\/apub.org.br\/siteantigo\/wp-json\/wp\/v2\/posts"}],"about":[{"href":"https:\/\/apub.org.br\/siteantigo\/wp-json\/wp\/v2\/types\/post"}],"author":[{"embeddable":true,"href":"https:\/\/apub.org.br\/siteantigo\/wp-json\/wp\/v2\/users\/1"}],"replies":[{"embeddable":true,"href":"https:\/\/apub.org.br\/siteantigo\/wp-json\/wp\/v2\/comments?post=4874"}],"version-history":[{"count":0,"href":"https:\/\/apub.org.br\/siteantigo\/wp-json\/wp\/v2\/posts\/4874\/revisions"}],"wp:attachment":[{"href":"https:\/\/apub.org.br\/siteantigo\/wp-json\/wp\/v2\/media?parent=4874"}],"wp:term":[{"taxonomy":"category","embeddable":true,"href":"https:\/\/apub.org.br\/siteantigo\/wp-json\/wp\/v2\/categories?post=4874"},{"taxonomy":"post_tag","embeddable":true,"href":"https:\/\/apub.org.br\/siteantigo\/wp-json\/wp\/v2\/tags?post=4874"}],"curies":[{"name":"wp","href":"https:\/\/api.w.org\/{rel}","templated":true}]}}