{"id":4882,"date":"2012-03-22T12:30:02","date_gmt":"2012-03-22T12:30:02","guid":{"rendered":"http:\/\/apub.org.br\/?p=4882"},"modified":"2012-03-22T12:30:02","modified_gmt":"2012-03-22T12:30:02","slug":"estudantes-da-faculdade-de-direito-realizam-protesto","status":"publish","type":"post","link":"https:\/\/apub.org.br\/siteantigo\/estudantes-da-faculdade-de-direito-realizam-protesto\/","title":{"rendered":"Condi\u00e7\u00f5es de trabalho da UFBA \u00e9 destaque na m\u00eddia"},"content":{"rendered":"<p style=\"text-align: justify;\">Come\u00e7a mais um semestre letivo na UFBA e docentes e discentes t\u00eam  que retomar a rotina. Apesar das obras em andamento em diversos espa\u00e7os da  institui\u00e7\u00e3o de ensino e das p\u00e9ssimas condi\u00e7\u00f5es por conta de problemas nas  instala\u00e7\u00f5es, professores e professoras n\u00e3o param as atividades, com a  preocupa\u00e7\u00e3o em manter o n\u00edvel de excel\u00eancia da Universidade. As den\u00fancias que  t\u00eam sido publicadas nos jornais acerca das condi\u00e7\u00f5es prec\u00e1rias das instala\u00e7\u00f5es  das unidades universit\u00e1rias, a exemplo da Escola Polit\u00e9cnica e da Faculdade de  Direito, servem para lembrar que discentes e docentes precisam de boas condi\u00e7\u00f5es  para desenvolver suas respectivas tarefas dentro da institui\u00e7\u00e3o de ensino. Mas,  ao mesmo tempo, trazem a lembran\u00e7a de que as interven\u00e7\u00f5es na estrutura,  amplia\u00e7\u00f5es e reformas j\u00e1 come\u00e7aram na UFBA. Outro problema apontado nas  publica\u00e7\u00f5es da grande imprensa \u00e9 o n\u00famero de professores na universidade. Em  rela\u00e7\u00e3o a esta quest\u00e3o, de acordo com a diretoria da Apub, o governo deve ter  mais agilidade na execu\u00e7\u00e3o de processos seletivos para contrata\u00e7\u00e3o imediata de  docentes efetivos, a fim de reduzir o d\u00e9ficit.<\/p>\n","protected":false},"excerpt":{"rendered":"<p>Come\u00e7a mais um semestre letivo na UFBA e docentes e discentes t\u00eam que retomar a rotina. Apesar das obras em andamento em diversos espa\u00e7os da institui\u00e7\u00e3o de ensino e das p\u00e9ssimas condi\u00e7\u00f5es por conta de problemas nas instala\u00e7\u00f5es, professores e professoras n\u00e3o param as atividades, com a preocupa\u00e7\u00e3o em manter o n\u00edvel de excel\u00eancia da [&hellip;]<\/p>\n","protected":false},"author":1,"featured_media":0,"comment_status":"closed","ping_status":"closed","sticky":false,"template":"","format":"standard","meta":{"footnotes":""},"categories":[146],"tags":[],"class_list":["post-4882","post","type-post","status-publish","format-standard","hentry","category-latest-news"],"_links":{"self":[{"href":"https:\/\/apub.org.br\/siteantigo\/wp-json\/wp\/v2\/posts\/4882","targetHints":{"allow":["GET"]}}],"collection":[{"href":"https:\/\/apub.org.br\/siteantigo\/wp-json\/wp\/v2\/posts"}],"about":[{"href":"https:\/\/apub.org.br\/siteantigo\/wp-json\/wp\/v2\/types\/post"}],"author":[{"embeddable":true,"href":"https:\/\/apub.org.br\/siteantigo\/wp-json\/wp\/v2\/users\/1"}],"replies":[{"embeddable":true,"href":"https:\/\/apub.org.br\/siteantigo\/wp-json\/wp\/v2\/comments?post=4882"}],"version-history":[{"count":0,"href":"https:\/\/apub.org.br\/siteantigo\/wp-json\/wp\/v2\/posts\/4882\/revisions"}],"wp:attachment":[{"href":"https:\/\/apub.org.br\/siteantigo\/wp-json\/wp\/v2\/media?parent=4882"}],"wp:term":[{"taxonomy":"category","embeddable":true,"href":"https:\/\/apub.org.br\/siteantigo\/wp-json\/wp\/v2\/categories?post=4882"},{"taxonomy":"post_tag","embeddable":true,"href":"https:\/\/apub.org.br\/siteantigo\/wp-json\/wp\/v2\/tags?post=4882"}],"curies":[{"name":"wp","href":"https:\/\/api.w.org\/{rel}","templated":true}]}}