{"id":4910,"date":"2012-03-27T13:42:20","date_gmt":"2012-03-27T13:42:20","guid":{"rendered":"http:\/\/apub.org.br\/?p=4910"},"modified":"2012-03-27T13:42:20","modified_gmt":"2012-03-27T13:42:20","slug":"reuniao-do-fne-movimenta-docentes","status":"publish","type":"post","link":"https:\/\/apub.org.br\/siteantigo\/reuniao-do-fne-movimenta-docentes\/","title":{"rendered":"Reuni\u00e3o do FNE movimenta docentes"},"content":{"rendered":"<p style=\"text-align: justify;\">A primeira reuni\u00e3o do F\u00f3rum Nacional de Educa\u00e7\u00e3o (FNE) deste ano movimentou docentes de todo o pa\u00eds. Representantes da diretoria do Proifes, Gil Vicente Reis de Figueiredo e Fernando Ant\u00f4nio Amorim, participaram dos debates. Um dos objetivos principais foram a organiza\u00e7\u00e3o da Conae (Confer\u00eancia Nacional da Educa\u00e7\u00e3o), a ser realizada em Bras\u00edlia, de 17 a 21 de fevereiro de 2014, e os encaminhamentos relativos \u00e0 aprova\u00e7\u00e3o do PNE (Plano Nacional da Educa\u00e7\u00e3o). As discuss\u00f5es se deram em duas comiss\u00f5es: na de Monitoramento e Sistematiza\u00e7\u00e3o, que tem como objetivo o acompanhamento do PNE no Congresso Nacional e debateu as emendas apresentadas por parlamentares ao Relat\u00f3rio Substitutivo do PL 8035, de autoria do relator, deputado \u00c2ngelo Vanhoni (PT\/PR), e na de Mobiliza\u00e7\u00e3o e Divulga\u00e7\u00e3o, cuja finalidade \u00e9 organizar a CONAE\/2014 e definir o cronograma. Em meio a pol\u00eamicas, foi deliberada a indica\u00e7\u00e3o do apoio or\u00e7ament\u00e1rio do governo federal \u00e0s confer\u00eancias estaduais e municipais, que antecedem a Conae. Nestes encontros, devem ser discutidos temas e eixos relativos \u00e0 Confer\u00eancia.<\/p>\n","protected":false},"excerpt":{"rendered":"<p>A primeira reuni\u00e3o do F\u00f3rum Nacional de Educa\u00e7\u00e3o (FNE) deste ano movimentou docentes de todo o pa\u00eds. Representantes da diretoria do Proifes, Gil Vicente Reis de Figueiredo e Fernando Ant\u00f4nio Amorim, participaram dos debates. Um dos objetivos principais foram a organiza\u00e7\u00e3o da Conae (Confer\u00eancia Nacional da Educa\u00e7\u00e3o), a ser realizada em Bras\u00edlia, de 17 a [&hellip;]<\/p>\n","protected":false},"author":1,"featured_media":0,"comment_status":"closed","ping_status":"closed","sticky":false,"template":"","format":"standard","meta":{"footnotes":""},"categories":[146],"tags":[],"class_list":["post-4910","post","type-post","status-publish","format-standard","hentry","category-latest-news"],"_links":{"self":[{"href":"https:\/\/apub.org.br\/siteantigo\/wp-json\/wp\/v2\/posts\/4910","targetHints":{"allow":["GET"]}}],"collection":[{"href":"https:\/\/apub.org.br\/siteantigo\/wp-json\/wp\/v2\/posts"}],"about":[{"href":"https:\/\/apub.org.br\/siteantigo\/wp-json\/wp\/v2\/types\/post"}],"author":[{"embeddable":true,"href":"https:\/\/apub.org.br\/siteantigo\/wp-json\/wp\/v2\/users\/1"}],"replies":[{"embeddable":true,"href":"https:\/\/apub.org.br\/siteantigo\/wp-json\/wp\/v2\/comments?post=4910"}],"version-history":[{"count":0,"href":"https:\/\/apub.org.br\/siteantigo\/wp-json\/wp\/v2\/posts\/4910\/revisions"}],"wp:attachment":[{"href":"https:\/\/apub.org.br\/siteantigo\/wp-json\/wp\/v2\/media?parent=4910"}],"wp:term":[{"taxonomy":"category","embeddable":true,"href":"https:\/\/apub.org.br\/siteantigo\/wp-json\/wp\/v2\/categories?post=4910"},{"taxonomy":"post_tag","embeddable":true,"href":"https:\/\/apub.org.br\/siteantigo\/wp-json\/wp\/v2\/tags?post=4910"}],"curies":[{"name":"wp","href":"https:\/\/api.w.org\/{rel}","templated":true}]}}