{"id":4913,"date":"2012-03-27T13:50:23","date_gmt":"2012-03-27T13:50:23","guid":{"rendered":"http:\/\/apub.org.br\/?p=4913"},"modified":"2012-03-27T13:50:23","modified_gmt":"2012-03-27T13:50:23","slug":"conif-recebe-representantes-do-proifes","status":"publish","type":"post","link":"https:\/\/apub.org.br\/siteantigo\/conif-recebe-representantes-do-proifes\/","title":{"rendered":"Presidente do Conif recebe representantes do Proifes"},"content":{"rendered":"<p style=\"text-align: justify;\">O presidente do Proifes, Eduardo Rolim, e os diretores Nilton Brand\u00e3o e Gil Vicente foram recebidos pelo presidente e vice-presidente do Conif (Conselho Nacional das Institui\u00e7\u00f5es da Rede Federal de Educa\u00e7\u00e3o Profissional, Cient\u00edfica e Tecnol\u00f3gica), Denio Rebello Arantes e S\u00e9rgio Pedini, respectivamente, na \u00faltima quinta-feira (22). Na pauta, progress\u00e3o de DI e DIII, reestrutura\u00e7\u00e3o das carreiras do Magist\u00e9rio Superior e EBTT, al\u00e9m dos trabalhos e articula\u00e7\u00f5es realizadas no governo e no Congresso Nacional para defender os interesses dos docentes. Na oportunidade, Eduardo Rolim relatou o andamento das negocia\u00e7\u00f5es com o Minist\u00e9rio do Planejamento e apontou que os temas tratados estiveram centrados na pol\u00edtica geral de reajuste salarial, benef\u00edcios e a aprova\u00e7\u00e3o do Projeto de Lei 2203\/2011, que tramita na C\u00e2mara.<\/p>\n","protected":false},"excerpt":{"rendered":"<p>O presidente do Proifes, Eduardo Rolim, e os diretores Nilton Brand\u00e3o e Gil Vicente foram recebidos pelo presidente e vice-presidente do Conif (Conselho Nacional das Institui\u00e7\u00f5es da Rede Federal de Educa\u00e7\u00e3o Profissional, Cient\u00edfica e Tecnol\u00f3gica), Denio Rebello Arantes e S\u00e9rgio Pedini, respectivamente, na \u00faltima quinta-feira (22). Na pauta, progress\u00e3o de DI e DIII, reestrutura\u00e7\u00e3o das [&hellip;]<\/p>\n","protected":false},"author":1,"featured_media":0,"comment_status":"closed","ping_status":"closed","sticky":false,"template":"","format":"standard","meta":{"footnotes":""},"categories":[146],"tags":[],"class_list":["post-4913","post","type-post","status-publish","format-standard","hentry","category-latest-news"],"_links":{"self":[{"href":"https:\/\/apub.org.br\/siteantigo\/wp-json\/wp\/v2\/posts\/4913","targetHints":{"allow":["GET"]}}],"collection":[{"href":"https:\/\/apub.org.br\/siteantigo\/wp-json\/wp\/v2\/posts"}],"about":[{"href":"https:\/\/apub.org.br\/siteantigo\/wp-json\/wp\/v2\/types\/post"}],"author":[{"embeddable":true,"href":"https:\/\/apub.org.br\/siteantigo\/wp-json\/wp\/v2\/users\/1"}],"replies":[{"embeddable":true,"href":"https:\/\/apub.org.br\/siteantigo\/wp-json\/wp\/v2\/comments?post=4913"}],"version-history":[{"count":0,"href":"https:\/\/apub.org.br\/siteantigo\/wp-json\/wp\/v2\/posts\/4913\/revisions"}],"wp:attachment":[{"href":"https:\/\/apub.org.br\/siteantigo\/wp-json\/wp\/v2\/media?parent=4913"}],"wp:term":[{"taxonomy":"category","embeddable":true,"href":"https:\/\/apub.org.br\/siteantigo\/wp-json\/wp\/v2\/categories?post=4913"},{"taxonomy":"post_tag","embeddable":true,"href":"https:\/\/apub.org.br\/siteantigo\/wp-json\/wp\/v2\/tags?post=4913"}],"curies":[{"name":"wp","href":"https:\/\/api.w.org\/{rel}","templated":true}]}}