{"id":4918,"date":"2012-03-27T14:09:06","date_gmt":"2012-03-27T14:09:06","guid":{"rendered":"http:\/\/apub.org.br\/?p=4918"},"modified":"2012-03-27T14:09:06","modified_gmt":"2012-03-27T14:09:06","slug":"docentes-debatem-sobre-pl-2-20311-com-mpog","status":"publish","type":"post","link":"https:\/\/apub.org.br\/siteantigo\/docentes-debatem-sobre-pl-2-20311-com-mpog\/","title":{"rendered":"Docentes debatem sobre PL 2.203\/11 com MPOG"},"content":{"rendered":"<p style=\"text-align: justify;\">Mais uma rodada de negocia\u00e7\u00e3o com o Minist\u00e9rio do Planejamento.<strong> <\/strong>Na quinta-feira (22), o Secret\u00e1rio de Rela\u00e7\u00f5es do Trabalho, S\u00e9rgio Mendon\u00e7a, sentou \u00e0 mesa com representantes dos docentes das Ifes do pa\u00eds para debater sobre o Projeto de Lei 2203\/11, que consolida os acordos firmados em 2011 entre o governo e as entidades representativas, incluindo o\u00a0reajuste de 4% e a incorpora\u00e7\u00e3o das gratifica\u00e7\u00f5es ao vencimento b\u00e1sico. Os docentes cobraram resposta sobre a mudan\u00e7a unilateral no c\u00e1lculo dos adicionais de insalubridade e periculosidade, que s\u00e3o transformadas em valor fixo, apresentando redu\u00e7\u00f5es no benef\u00edcio. Para os professores, a medida frustra o acordo assinado em agosto ao introduzir uma redu\u00e7\u00e3o salarial no mesmo PL que trouxe o aumento de 4% e que o governo induzir os servidores a realizarem menos tarefas insalubres n\u00e3o tem o menor sentido, j\u00e1 que a natureza do trabalho de pesquisa e desenvolvimento de conhecimento envolve riscos. A categoria exige que a altera\u00e7\u00e3o seja suprimida do documento para que se possa continuar a ter um clima de confian\u00e7a no processo negocial. O governo se comprometeu a pensar sobre o assunto e dar uma resposta na pr\u00f3xima reuni\u00e3o, agendada para esta quarta (28). Sobre a tabela de reajuste, divulgada com c\u00e1lculos baseados em 3%, os representantes do Proifes entregaram novamente uma c\u00f3pia com os valores corretos (com os 4%) ao secret\u00e1rio, que comunicou que ser\u00e1 corrigida.<\/p>\n","protected":false},"excerpt":{"rendered":"<p>Mais uma rodada de negocia\u00e7\u00e3o com o Minist\u00e9rio do Planejamento. Na quinta-feira (22), o Secret\u00e1rio de Rela\u00e7\u00f5es do Trabalho, S\u00e9rgio Mendon\u00e7a, sentou \u00e0 mesa com representantes dos docentes das Ifes do pa\u00eds para debater sobre o Projeto de Lei 2203\/11, que consolida os acordos firmados em 2011 entre o governo e as entidades representativas, incluindo [&hellip;]<\/p>\n","protected":false},"author":1,"featured_media":0,"comment_status":"closed","ping_status":"closed","sticky":false,"template":"","format":"standard","meta":{"footnotes":""},"categories":[146],"tags":[],"class_list":["post-4918","post","type-post","status-publish","format-standard","hentry","category-latest-news"],"_links":{"self":[{"href":"https:\/\/apub.org.br\/siteantigo\/wp-json\/wp\/v2\/posts\/4918","targetHints":{"allow":["GET"]}}],"collection":[{"href":"https:\/\/apub.org.br\/siteantigo\/wp-json\/wp\/v2\/posts"}],"about":[{"href":"https:\/\/apub.org.br\/siteantigo\/wp-json\/wp\/v2\/types\/post"}],"author":[{"embeddable":true,"href":"https:\/\/apub.org.br\/siteantigo\/wp-json\/wp\/v2\/users\/1"}],"replies":[{"embeddable":true,"href":"https:\/\/apub.org.br\/siteantigo\/wp-json\/wp\/v2\/comments?post=4918"}],"version-history":[{"count":0,"href":"https:\/\/apub.org.br\/siteantigo\/wp-json\/wp\/v2\/posts\/4918\/revisions"}],"wp:attachment":[{"href":"https:\/\/apub.org.br\/siteantigo\/wp-json\/wp\/v2\/media?parent=4918"}],"wp:term":[{"taxonomy":"category","embeddable":true,"href":"https:\/\/apub.org.br\/siteantigo\/wp-json\/wp\/v2\/categories?post=4918"},{"taxonomy":"post_tag","embeddable":true,"href":"https:\/\/apub.org.br\/siteantigo\/wp-json\/wp\/v2\/tags?post=4918"}],"curies":[{"name":"wp","href":"https:\/\/api.w.org\/{rel}","templated":true}]}}