{"id":4926,"date":"2012-03-27T14:31:13","date_gmt":"2012-03-27T14:31:13","guid":{"rendered":"http:\/\/apub.org.br\/?p=4926"},"modified":"2012-03-27T14:31:13","modified_gmt":"2012-03-27T14:31:13","slug":"mobilidade-urbana-e-tema-de-workshop-na-politecnica","status":"publish","type":"post","link":"https:\/\/apub.org.br\/siteantigo\/mobilidade-urbana-e-tema-de-workshop-na-politecnica\/","title":{"rendered":"Mobilidade urbana \u00e9 tema de workshop na Polit\u00e9cnica"},"content":{"rendered":"<p style=\"text-align: justify;\">Nesta ter\u00e7a-feira (27), a Escola Polit\u00e9cnica da Universidade Federal da Bahia realiza o workshop <em>Mobilidade Urbana Para Salvador e Regi\u00e3o Metropolitana: Projeto Tri via Expressa<\/em>, das 14h \u00e0s 18h, no audit\u00f3rio Leopoldo do Amaral. O evento discute a requalifica\u00e7\u00e3o no sistema de transporte da capital baiana e munic\u00edpios vizinhos e tem como palestrante o arquiteto e urbanista Louren\u00e7o do Prado Valladares, autor do projeto Tri via expressa.<\/p>\n","protected":false},"excerpt":{"rendered":"<p>Nesta ter\u00e7a-feira (27), a Escola Polit\u00e9cnica da Universidade Federal da Bahia realiza o workshop Mobilidade Urbana Para Salvador e Regi\u00e3o Metropolitana: Projeto Tri via Expressa, das 14h \u00e0s 18h, no audit\u00f3rio Leopoldo do Amaral. O evento discute a requalifica\u00e7\u00e3o no sistema de transporte da capital baiana e munic\u00edpios vizinhos e tem como palestrante o arquiteto [&hellip;]<\/p>\n","protected":false},"author":1,"featured_media":0,"comment_status":"closed","ping_status":"closed","sticky":false,"template":"","format":"standard","meta":{"footnotes":""},"categories":[146],"tags":[],"class_list":["post-4926","post","type-post","status-publish","format-standard","hentry","category-latest-news"],"_links":{"self":[{"href":"https:\/\/apub.org.br\/siteantigo\/wp-json\/wp\/v2\/posts\/4926","targetHints":{"allow":["GET"]}}],"collection":[{"href":"https:\/\/apub.org.br\/siteantigo\/wp-json\/wp\/v2\/posts"}],"about":[{"href":"https:\/\/apub.org.br\/siteantigo\/wp-json\/wp\/v2\/types\/post"}],"author":[{"embeddable":true,"href":"https:\/\/apub.org.br\/siteantigo\/wp-json\/wp\/v2\/users\/1"}],"replies":[{"embeddable":true,"href":"https:\/\/apub.org.br\/siteantigo\/wp-json\/wp\/v2\/comments?post=4926"}],"version-history":[{"count":0,"href":"https:\/\/apub.org.br\/siteantigo\/wp-json\/wp\/v2\/posts\/4926\/revisions"}],"wp:attachment":[{"href":"https:\/\/apub.org.br\/siteantigo\/wp-json\/wp\/v2\/media?parent=4926"}],"wp:term":[{"taxonomy":"category","embeddable":true,"href":"https:\/\/apub.org.br\/siteantigo\/wp-json\/wp\/v2\/categories?post=4926"},{"taxonomy":"post_tag","embeddable":true,"href":"https:\/\/apub.org.br\/siteantigo\/wp-json\/wp\/v2\/tags?post=4926"}],"curies":[{"name":"wp","href":"https:\/\/api.w.org\/{rel}","templated":true}]}}