{"id":4967,"date":"2012-03-28T09:04:33","date_gmt":"2012-03-28T09:04:33","guid":{"rendered":"http:\/\/apub.org.br\/?p=4967"},"modified":"2012-03-28T09:04:33","modified_gmt":"2012-03-28T09:04:33","slug":"professor-toma-posse-no-consupe","status":"publish","type":"post","link":"https:\/\/apub.org.br\/siteantigo\/professor-toma-posse-no-consupe\/","title":{"rendered":"Professor toma posse no Consupe IFBA"},"content":{"rendered":"<p style=\"text-align: justify;\">Nesta quinta-feira (29), o professor Jos\u00e9 M\u00e1rio Ara\u00fajo toma posse e participa da primeira reuni\u00e3o do Consupe (Conselheiro Superior), \u00f3rg\u00e3o m\u00e1ximo do Instituto Federal da Bahia, de car\u00e1ter deliberativo. O professor tamb\u00e9m \u00e9 presidente da Comiss\u00e3o de Elabora\u00e7\u00e3o do Plano de Qualifica\u00e7\u00e3o Institucional do IFBA, na qual representa Apub entre os docentes. A cerim\u00f4nia ser\u00e1 realizada na Reitoria do IFBA, no Canela.<\/p>\n","protected":false},"excerpt":{"rendered":"<p>Nesta quinta-feira (29), o professor Jos\u00e9 M\u00e1rio Ara\u00fajo toma posse e participa da primeira reuni\u00e3o do Consupe (Conselheiro Superior), \u00f3rg\u00e3o m\u00e1ximo do Instituto Federal da Bahia, de car\u00e1ter deliberativo. O professor tamb\u00e9m \u00e9 presidente da Comiss\u00e3o de Elabora\u00e7\u00e3o do Plano de Qualifica\u00e7\u00e3o Institucional do IFBA, na qual representa Apub entre os docentes. A cerim\u00f4nia ser\u00e1 [&hellip;]<\/p>\n","protected":false},"author":1,"featured_media":0,"comment_status":"closed","ping_status":"closed","sticky":false,"template":"","format":"standard","meta":{"footnotes":""},"categories":[146],"tags":[],"class_list":["post-4967","post","type-post","status-publish","format-standard","hentry","category-latest-news"],"_links":{"self":[{"href":"https:\/\/apub.org.br\/siteantigo\/wp-json\/wp\/v2\/posts\/4967","targetHints":{"allow":["GET"]}}],"collection":[{"href":"https:\/\/apub.org.br\/siteantigo\/wp-json\/wp\/v2\/posts"}],"about":[{"href":"https:\/\/apub.org.br\/siteantigo\/wp-json\/wp\/v2\/types\/post"}],"author":[{"embeddable":true,"href":"https:\/\/apub.org.br\/siteantigo\/wp-json\/wp\/v2\/users\/1"}],"replies":[{"embeddable":true,"href":"https:\/\/apub.org.br\/siteantigo\/wp-json\/wp\/v2\/comments?post=4967"}],"version-history":[{"count":0,"href":"https:\/\/apub.org.br\/siteantigo\/wp-json\/wp\/v2\/posts\/4967\/revisions"}],"wp:attachment":[{"href":"https:\/\/apub.org.br\/siteantigo\/wp-json\/wp\/v2\/media?parent=4967"}],"wp:term":[{"taxonomy":"category","embeddable":true,"href":"https:\/\/apub.org.br\/siteantigo\/wp-json\/wp\/v2\/categories?post=4967"},{"taxonomy":"post_tag","embeddable":true,"href":"https:\/\/apub.org.br\/siteantigo\/wp-json\/wp\/v2\/tags?post=4967"}],"curies":[{"name":"wp","href":"https:\/\/api.w.org\/{rel}","templated":true}]}}