{"id":49737,"date":"2024-11-01T17:45:35","date_gmt":"2024-11-01T20:45:35","guid":{"rendered":"https:\/\/apub.org.br\/?p=49737"},"modified":"2024-11-01T18:41:12","modified_gmt":"2024-11-01T21:41:12","slug":"60-anos-do-golpe-militar-e-tema-de-evento-promovido-pela-apub-na-escola-politecnica","status":"publish","type":"post","link":"https:\/\/apub.org.br\/siteantigo\/60-anos-do-golpe-militar-e-tema-de-evento-promovido-pela-apub-na-escola-politecnica\/","title":{"rendered":"60 anos do golpe militar \u00e9 tema de evento promovido pela Apub na Escola Polit\u00e9cnica"},"content":{"rendered":"\n<p>No pr\u00f3ximo dia 04 de novembro, a Apub relembra as v\u00edtimas da Ditadura Militar. A data \u00e9 em mem\u00f3ria do assassinato do militante revolucion\u00e1rio, baiano, negro e ex-estudante da Universidade Federal da Bahia, Carlos Marighella. O evento acontecer\u00e1 \u00e0s 18h30, no audit\u00f3rio da Escola Polit\u00e9cnica da UFBA, e contar\u00e1 com a presen\u00e7a dos ex-diretores da Apub e militantes pela mem\u00f3ria e justi\u00e7a pelas v\u00edtimas dos militares, Joviniano Neto e Jo\u00e3o Augusto Rocha, que estavam na dire\u00e7\u00e3o do sindicato no momento de redemocratiza\u00e7\u00e3o pol\u00edtica do Brasil.<\/p>\n\n\n\n<p>Durante a atividade, ser\u00e1 exibido o document\u00e1rio \u201c60 Anos do Golpe Militar\u201d, com dire\u00e7\u00e3o de Jailson Alves, diretor de comunica\u00e7\u00e3o da Apub Sindicato e tamb\u00e9m do PROIFES-Federa\u00e7\u00e3o. O document\u00e1rio conta com entrevistas de diversos pesquisadores e militantes da \u00e9poca, como Jo\u00e3o Augusto Rocha, Emiliano Jos\u00e9 e Arany Santana. A obra faz a conex\u00e3o entre o per\u00edodo conhecido como Ditadura Militar e a tentativa de golpe no 08 de janeiro de 2023.<\/p>\n\n\n\n<p>Ap\u00f3s a exibi\u00e7\u00e3o do document\u00e1rio, acontece o lan\u00e7amento do livro do professor da Faculdade de Comunica\u00e7\u00e3o da UFBA, militante, jornalista, ex-deputado estadual e federal militante Emiliano Jos\u00e9, com o t\u00edtulo \u201cZanetti: o Guardi\u00e3o do \u00f3leo da lamparina\u201d. Jos\u00e9 Carlos Zanetti, falecido em mar\u00e7o de 2022, foi militante preso e torturado pelo regime militar. O t\u00edtulo do livro faz men\u00e7\u00e3o ao pensamento do te\u00f3logo Leonardo Boff, de que a lamparina guarda sonhos e seu \u00f3leo \u00e9 o que mant\u00e9m o fogo aceso \u2013 os sonhos vivos.<\/p>\n\n\n\n<figure class=\"wp-block-image size-full\"><img fetchpriority=\"high\" decoding=\"async\" width=\"943\" height=\"523\" src=\"https:\/\/apub.org.br\/wp-content\/uploads\/2024\/11\/capa-doc-60-anos-do-golpe.png\" alt=\"\" class=\"wp-image-49741\"\/><\/figure>\n\n\n\n<p><a href=\"https:\/\/www.instagram.com\/reel\/DBzxw-ZS1O-\/?igsh=MTlkMTJmcDM2bHhiNw==\"><strong><em>Confira teaser do document\u00e1rio aqui<\/em><\/strong><\/a><\/p>\n","protected":false},"excerpt":{"rendered":"<p>No pr\u00f3ximo dia 04 de novembro, a Apub relembra as v\u00edtimas da Ditadura Militar. A data \u00e9 em mem\u00f3ria do assassinato do militante revolucion\u00e1rio, baiano, negro e ex-estudante da Universidade Federal da Bahia, Carlos Marighella. O evento acontecer\u00e1 \u00e0s 18h30, no audit\u00f3rio da Escola Polit\u00e9cnica da UFBA, e contar\u00e1 com a presen\u00e7a dos ex-diretores da [&hellip;]<\/p>\n","protected":false},"author":2,"featured_media":49738,"comment_status":"closed","ping_status":"closed","sticky":false,"template":"","format":"standard","meta":{"footnotes":""},"categories":[146],"tags":[],"class_list":["post-49737","post","type-post","status-publish","format-standard","has-post-thumbnail","hentry","category-latest-news"],"_links":{"self":[{"href":"https:\/\/apub.org.br\/siteantigo\/wp-json\/wp\/v2\/posts\/49737","targetHints":{"allow":["GET"]}}],"collection":[{"href":"https:\/\/apub.org.br\/siteantigo\/wp-json\/wp\/v2\/posts"}],"about":[{"href":"https:\/\/apub.org.br\/siteantigo\/wp-json\/wp\/v2\/types\/post"}],"author":[{"embeddable":true,"href":"https:\/\/apub.org.br\/siteantigo\/wp-json\/wp\/v2\/users\/2"}],"replies":[{"embeddable":true,"href":"https:\/\/apub.org.br\/siteantigo\/wp-json\/wp\/v2\/comments?post=49737"}],"version-history":[{"count":3,"href":"https:\/\/apub.org.br\/siteantigo\/wp-json\/wp\/v2\/posts\/49737\/revisions"}],"predecessor-version":[{"id":49752,"href":"https:\/\/apub.org.br\/siteantigo\/wp-json\/wp\/v2\/posts\/49737\/revisions\/49752"}],"wp:featuredmedia":[{"embeddable":true,"href":"https:\/\/apub.org.br\/siteantigo\/wp-json\/wp\/v2\/media\/49738"}],"wp:attachment":[{"href":"https:\/\/apub.org.br\/siteantigo\/wp-json\/wp\/v2\/media?parent=49737"}],"wp:term":[{"taxonomy":"category","embeddable":true,"href":"https:\/\/apub.org.br\/siteantigo\/wp-json\/wp\/v2\/categories?post=49737"},{"taxonomy":"post_tag","embeddable":true,"href":"https:\/\/apub.org.br\/siteantigo\/wp-json\/wp\/v2\/tags?post=49737"}],"curies":[{"name":"wp","href":"https:\/\/api.w.org\/{rel}","templated":true}]}}