{"id":49743,"date":"2024-11-01T18:12:41","date_gmt":"2024-11-01T21:12:41","guid":{"rendered":"https:\/\/apub.org.br\/?p=49743"},"modified":"2024-11-01T18:17:07","modified_gmt":"2024-11-01T21:17:07","slug":"apub-no-programa-do-trabalhador-26-10-2024","status":"publish","type":"post","link":"https:\/\/apub.org.br\/siteantigo\/apub-no-programa-do-trabalhador-26-10-2024\/","title":{"rendered":"Apub no Programa do Trabalhador- 26.10.2024"},"content":{"rendered":"\n<figure class=\"wp-block-audio\"><audio controls src=\"https:\/\/apub.org.br\/wp-content\/uploads\/2024\/11\/Programa-do-trabalhador-na-integr-26.10.2024.mp3\"><\/audio><\/figure>\n\n\n\n<p>No \u00faltimo s\u00e1bado (26), a diretora financeira da Apub, Fernanda Almeida, e Raquel Nery, diretora do PROIFES-Federa\u00e7\u00e3o, estiveram presentes em mais um Programa do Trabalhador, apresentado por Ranieri Alves. Na ocasi\u00e3o, as diretoras destacaram algumas recentes vit\u00f3rias conquistadas pelo Sindicato para a categoria docente, sendo elas a respeito do andamento dos processos de progress\u00f5es\/promo\u00e7\u00f5es da carreira docente e avan\u00e7o nas condi\u00e7\u00f5es de trabalho na carreira EBTT.<\/p>\n\n\n\n<p>A respeito da a portaria 663\/2024 da Pr\u00f3-Reitoria de Desenvolvimento de Pessoas (PRODEP) , Raquel explicou que &#8220;a boa not\u00edcia da publica\u00e7\u00e3o desta portaria \u00e9 que ela reconhece os efeitos financeiros retroativos \u00e0 data do interst\u00edcio para as progress\u00f5es\/promo\u00e7\u00f5es acumuladas (exceto promo\u00e7\u00e3o para titular), em nossa carreira. A cada h\u00e1 dois anos o\/a professor\/a avan\u00e7a na carreira e junto a isso existe o direito de haver um ajuste financeiro, o que n\u00e3o estava acontecendo caso n\u00e3o houvesse um processo feito, previamente. Agora um parecer da Procuradoria Geral da Uni\u00e3o esclarece os efeitos que se d\u00e3o a partir desse intervalo, autorizando a PRODEP a revisar que poss\u00edvel pedidos daqueles que foram prejudicados durante esse tempo&#8221;.\u00a0<\/p>\n\n\n\n<p>Sobre a carreira EBTT, Fernanda comemora: &#8220;tivemos uma excelente conquista na Mesa Nacional de Negocia\u00e7\u00e3o permanente,&nbsp;os docentes EBTT dos Institutos Federais de educa\u00e7\u00e3o b\u00e1sica deixaram de vez de serem obrigados a realizar o registro de frequ\u00eancia atrav\u00e9s de ponto eletr\u00f4nico. Isso era uma aberra\u00e7\u00e3o, visto que n\u00e3o se pode haver distin\u00e7\u00e3o de tratamento, entre carreiras dentro da mesma categoria&#8221;. Essa tamb\u00e9m era uma pauta que a Apub protagonizou ao cobrar sua resolu\u00e7\u00e3o nas negocia\u00e7\u00f5es com o Governo, sendo assim, uma grande conquista para a categoria.<\/p>\n\n\n\n<p><\/p>\n","protected":false},"excerpt":{"rendered":"<p>No \u00faltimo s\u00e1bado (26), a diretora financeira da Apub, Fernanda Almeida, e Raquel Nery, diretora do PROIFES-Federa\u00e7\u00e3o, estiveram presentes em mais um Programa do Trabalhador, apresentado por Ranieri Alves. Na ocasi\u00e3o, as diretoras destacaram algumas recentes vit\u00f3rias conquistadas pelo Sindicato para a categoria docente, sendo elas a respeito do andamento dos processos de progress\u00f5es\/promo\u00e7\u00f5es da [&hellip;]<\/p>\n","protected":false},"author":1,"featured_media":49744,"comment_status":"closed","ping_status":"closed","sticky":false,"template":"","format":"standard","meta":{"footnotes":""},"categories":[146],"tags":[],"class_list":["post-49743","post","type-post","status-publish","format-standard","has-post-thumbnail","hentry","category-latest-news"],"_links":{"self":[{"href":"https:\/\/apub.org.br\/siteantigo\/wp-json\/wp\/v2\/posts\/49743","targetHints":{"allow":["GET"]}}],"collection":[{"href":"https:\/\/apub.org.br\/siteantigo\/wp-json\/wp\/v2\/posts"}],"about":[{"href":"https:\/\/apub.org.br\/siteantigo\/wp-json\/wp\/v2\/types\/post"}],"author":[{"embeddable":true,"href":"https:\/\/apub.org.br\/siteantigo\/wp-json\/wp\/v2\/users\/1"}],"replies":[{"embeddable":true,"href":"https:\/\/apub.org.br\/siteantigo\/wp-json\/wp\/v2\/comments?post=49743"}],"version-history":[{"count":5,"href":"https:\/\/apub.org.br\/siteantigo\/wp-json\/wp\/v2\/posts\/49743\/revisions"}],"predecessor-version":[{"id":49751,"href":"https:\/\/apub.org.br\/siteantigo\/wp-json\/wp\/v2\/posts\/49743\/revisions\/49751"}],"wp:featuredmedia":[{"embeddable":true,"href":"https:\/\/apub.org.br\/siteantigo\/wp-json\/wp\/v2\/media\/49744"}],"wp:attachment":[{"href":"https:\/\/apub.org.br\/siteantigo\/wp-json\/wp\/v2\/media?parent=49743"}],"wp:term":[{"taxonomy":"category","embeddable":true,"href":"https:\/\/apub.org.br\/siteantigo\/wp-json\/wp\/v2\/categories?post=49743"},{"taxonomy":"post_tag","embeddable":true,"href":"https:\/\/apub.org.br\/siteantigo\/wp-json\/wp\/v2\/tags?post=49743"}],"curies":[{"name":"wp","href":"https:\/\/api.w.org\/{rel}","templated":true}]}}