{"id":49811,"date":"2024-11-07T15:32:41","date_gmt":"2024-11-07T18:32:41","guid":{"rendered":"https:\/\/apub.org.br\/?p=49811"},"modified":"2024-11-26T11:40:53","modified_gmt":"2024-11-26T14:40:53","slug":"eleicao-da-apub-2024-2026-homologacao-das-chapas","status":"publish","type":"post","link":"https:\/\/apub.org.br\/siteantigo\/eleicao-da-apub-2024-2026-homologacao-das-chapas\/","title":{"rendered":"Elei\u00e7\u00e3o da Apub 2024-2026 &#8211; Homologa\u00e7\u00e3o das Chapas"},"content":{"rendered":"\n<p>Na manh\u00e3 de hoje, 07 de novembro de 2024, a Comiss\u00e3o Eleitoral, respons\u00e1vel pela condu\u00e7\u00e3o do processo de elei\u00e7\u00f5es da APUB Sindicato para a gest\u00e3o do bi\u00eanio 20242026, homologou as chapas inscritas para Diretoria, Conselho Fiscal e Conselho de Representantes.<\/p>\n\n\n\n<p>Chapas Inscritas:<\/p>\n\n\n\n<p><strong>CHAPA 1: APUB QUE ABRA\u00c7A<\/strong><\/p>\n\n\n\n<p><strong>Diretoria Executiva<\/strong><\/p>\n\n\n\n<ul class=\"wp-block-list\">\n<li>Presidenta: Raquel Nery Gomes Lima (FACED UFBA)<\/li>\n\n\n\n<li>Vice-Presidenta: B\u00e1rbara Coelho Neves (ICI UFBA)<\/li>\n\n\n\n<li>Diretor Administrativo: Renato Francisquini Teixeira (FFCH UFBA)<\/li>\n\n\n\n<li>Diretora Financeira: Auristela Felix de Oliveira Teodoro (Ci\u00eancias Cont\u00e1beis UFBA)<\/li>\n\n\n\n<li>Diretor Acad\u00eamico: M\u00e1rcio Andr\u00e9 de Oliveira dos Santos (IHL UNILAB \u2013 Campus Mal\u00eas)<\/li>\n\n\n\n<li>Diretor de Comunica\u00e7\u00e3o e Cultura: Marco Cerami (IME UFBA)<\/li>\n\n\n\n<li>Diretor Social e de Aposentados: Manoel Marcos Freire D&#8217;Aguiar Neto (Instituto de F\u00edsica UFBA) (membro aposentado)<\/li>\n<\/ul>\n\n\n\n<p><strong>Conselho Fiscal Titulares:<\/strong><\/p>\n\n\n\n<ul class=\"wp-block-list\">\n<li>S\u00edlvia L\u00facia Ferreira (Escola de Enfermagem UFBA)<\/li>\n\n\n\n<li>Maria de Nazareth Viana (FACFAR UFBA) (membra aposentada)<\/li>\n\n\n\n<li>Liliane Concei\u00e7\u00e3o de Jesus (CRECHE UFBA)<br><br>Suplentes:<\/li>\n\n\n\n<li>Jo\u00e3o Augusto de Lima Rocha (Escola Polit\u00e9cnica UFBA) (membro aposentado)<\/li>\n\n\n\n<li>Antonio Virg\u00edlio Bittencourt Bastos (IPS UFBA)<br><\/li>\n<\/ul>\n\n\n\n<p><strong>Conselho de Representantes<\/strong><\/p>\n\n\n\n<p><strong>UFBA \u2013 Salvador Titulares:<\/strong><\/p>\n\n\n\n<ul class=\"wp-block-list\">\n<li>Meran Muniz da Costa Vargens (Escola de Teatro UFBA)<\/li>\n\n\n\n<li>Joviniano Soares de Carvalho Neto (FFCH UFBA) (membro aposentado)<\/li>\n\n\n\n<li>T\u00e2nia Fraga Barros Suplentes (FACFAR UFBA)<\/li>\n\n\n\n<li>Waldomiro Jos\u00e9 da Silva Filho (FFCH UFBA)<\/li>\n\n\n\n<li>Paulo Roberto Ferreira de Moura Bastos (Escola Polit\u00e9cnica UFBA) (membro aposentado)<\/li>\n\n\n\n<li>Fernanda Figuer\u00eado Almeida (CRECHE UFBA)<\/li>\n<\/ul>\n\n\n\n<p><strong>UFBA \u2013 Cama\u00e7ari<\/strong><\/p>\n\n\n\n<p><strong>Titular:<\/strong><\/p>\n\n\n\n<ul class=\"wp-block-list\">\n<li>Anast\u00e1cio Pinto Gon\u00e7alves Filho (ICTI UFBA &#8211; Cama\u00e7ari)<br><br>Suplente:<\/li>\n\n\n\n<li>Paulo de Freitas Castro Fonseca (ICTI UFBA &#8211; Cama\u00e7ari)<\/li>\n<\/ul>\n\n\n\n<p><strong>UFBA &#8211; IMS-CAT VIT\u00d3RIA DA CONQUISTA<\/strong><\/p>\n\n\n\n<p><strong>Titular:<\/strong><\/p>\n\n\n\n<ul class=\"wp-block-list\">\n<li>Mariluze Peixoto Cruz (IMS-CAT UFBA)<br><br>Suplente:<\/li>\n\n\n\n<li>Leila Costa Cruz (IMS-CAT UFBA)<\/li>\n<\/ul>\n\n\n\n<p><strong>UNILAB<\/strong><\/p>\n\n\n\n<p><strong>Titular:<\/strong><\/p>\n\n\n\n<ul class=\"wp-block-list\">\n<li>Carine Gurunga de Matos (IHL UNILAB &#8211; Campus dos Mal\u00eas)<br><br>Suplente:<\/li>\n\n\n\n<li>Eliane Gon\u00e7alves da Costa (IHL UNILAB &#8211; Campus dos Mal\u00eas)<\/li>\n<\/ul>\n\n\n\n<p><strong>IFBA<\/strong><\/p>\n\n\n\n<p><strong>Titular:<\/strong><\/p>\n\n\n\n<ul class=\"wp-block-list\">\n<li>Pablo Vieira Florentino (IFBA Salvador)<br><br>Suplente:<\/li>\n\n\n\n<li>Maria Auxiliadora Lima Dias da Silva (IFBA Salvador) (membro aposentado)<\/li>\n<\/ul>\n\n\n\n<p><strong>UFRB<\/strong><\/p>\n\n\n\n<p><strong>Titular:<\/strong><\/p>\n\n\n\n<ul class=\"wp-block-list\">\n<li>Geraldo Sampaio Costa (membro aposentado) <br><br>Suplente:<\/li>\n\n\n\n<li>Valfredo da Silva Pereira (membro aposentado)<\/li>\n<\/ul>\n\n\n\n<p><strong>UFOB<\/strong><\/p>\n\n\n\n<p><strong>Titular:<\/strong><\/p>\n\n\n\n<ul class=\"wp-block-list\">\n<li>Leonardo Santa In\u00eas Cunha <br><br>Suplente:<\/li>\n\n\n\n<li>Poty Rodrigues de Lucena<br><\/li>\n<\/ul>\n\n\n\n<div style=\"height:100px\" aria-hidden=\"true\" class=\"wp-block-spacer\"><\/div>\n\n\n\n<hr class=\"wp-block-separator has-alpha-channel-opacity\"\/>\n\n\n\n<div style=\"height:100px\" aria-hidden=\"true\" class=\"wp-block-spacer\"><\/div>\n\n\n\n<p><strong>CHAPA 2: APUB DA GENTE<\/strong><\/p>\n\n\n\n<p><strong>Diretoria Executiva<\/strong><\/p>\n\n\n\n<ul class=\"wp-block-list\">\n<li>Presidente: Jorge Henrique Santos Saldanha (Faculdade de Medicina UFBA)<\/li>\n\n\n\n<li>Vice-Presidente: Ma\u00edra Kubik Taveira Mano (FFCH UFBA)<\/li>\n\n\n\n<li>Diretor Administrativo: Lawrence Estivalet de Mello (Faculdade de Direito UFBA)<\/li>\n\n\n\n<li>Diretora Financeira: Carla Benitez Martins (IHL UNILAB \u2013 Campus Mal\u00eas)<\/li>\n\n\n\n<li>Diretor Acad\u00eamico: Rodrigo da Silva Pereira (FACED UFBA)<\/li>\n\n\n\n<li>Diretora Cultural e de Comunica\u00e7\u00e3o: Maria Aparecida Jos\u00e9 de Oliveira (IBIO UFBA)<\/li>\n\n\n\n<li>Diretora de Aposentados: Dulce Tamara Lamego Silva e Aquino (Escola de Dan\u00e7a UFBA \u2013 Aposentada)<\/li>\n<\/ul>\n\n\n\n<p><strong>Conselho Fiscal Titulares:<\/strong><\/p>\n\n\n\n<ul class=\"wp-block-list\">\n<li>H\u00e9lio da Silva Messeder Neto (Instituto de Qu\u00edmica UFBA)<\/li>\n\n\n\n<li>Tadeu Bruno da Costa Andrade (Instituto de Letras UFBA)<\/li>\n\n\n\n<li>Ednir Assis Souza (Escola de Enfermagem UFBA) <br><br>Suplentes:<\/li>\n\n\n\n<li>M\u00e1rcia de F\u00e1tima Rabello Lovisi de Freitas (FACED UFBA) \u25cf Aline Silva (Escola Polit\u00e9cnica UFBA)<\/li>\n<\/ul>\n\n\n\n<p><strong>Conselho de Representantes:<\/strong><\/p>\n\n\n\n<p><strong>UFBA \u2013 Salvador<\/strong><\/p>\n\n\n\n<p><strong>Titular:<\/strong><\/p>\n\n\n\n<ul class=\"wp-block-list\">\n<li>Samira Safadi Bastos (IPSS UFBA)<\/li>\n\n\n\n<li>Paulo C\u00e9sar Zangalli J\u00fanior (Instituto de Geoci\u00eancias UFBA)<\/li>\n\n\n\n<li>Celi Nelza Z\u00fclke Taffarel (FACED UFBA \u2013 Aposentada) <br><br>Suplente:<\/li>\n\n\n\n<li>Carolina Costa Mota Para\u00edba (Instituto de Matem\u00e1tica e Estat\u00edstica UFBA)<\/li>\n\n\n\n<li>Ivan Maia de Mello (IHAC Milton Santos UFBA)<\/li>\n\n\n\n<li>Marta Oliveira Bezerra (Escola de Dan\u00e7a UFBA)<\/li>\n<\/ul>\n\n\n\n<p><strong>UNILAB<\/strong><\/p>\n\n\n\n<p><strong>Titular:<\/strong><\/p>\n\n\n\n<ul class=\"wp-block-list\">\n<li>Juc\u00e9lia Bispo dos Santos (IHL UNILAB \u2013 Campus Mal\u00eas) <br><br>Suplente:<\/li>\n\n\n\n<li>Daniel de Lucca Reis Costa (IHL UNILAB \u2013 Campus Mal\u00eas)<\/li>\n<\/ul>\n\n\n\n<p><\/p>\n\n\n\n<p><strong>Comiss\u00e3o Eleitoral<\/strong><\/p>\n\n\n\n<p>Ana Clara de Rebou\u00e7as Carvalho<br>Ana L\u00facia Barbosa G\u00f3es<br>Andr\u00e9a Beatriz Hack de G\u00f3es<br>Leopoldina Cachoeira Menezes<br>Maise Caroline Zucco<\/p>\n","protected":false},"excerpt":{"rendered":"<p>Na manh\u00e3 de hoje, 07 de novembro de 2024, a Comiss\u00e3o Eleitoral, respons\u00e1vel pela condu\u00e7\u00e3o do processo de elei\u00e7\u00f5es da APUB Sindicato para a gest\u00e3o do bi\u00eanio 20242026, homologou as chapas inscritas para Diretoria, Conselho Fiscal e Conselho de Representantes. Chapas Inscritas: CHAPA 1: APUB QUE ABRA\u00c7A Diretoria Executiva Conselho Fiscal Titulares: Conselho de Representantes [&hellip;]<\/p>\n","protected":false},"author":1,"featured_media":49812,"comment_status":"closed","ping_status":"closed","sticky":false,"template":"","format":"standard","meta":{"footnotes":""},"categories":[906,146],"tags":[],"class_list":["post-49811","post","type-post","status-publish","format-standard","has-post-thumbnail","hentry","category-eleicoes2024","category-latest-news"],"_links":{"self":[{"href":"https:\/\/apub.org.br\/siteantigo\/wp-json\/wp\/v2\/posts\/49811","targetHints":{"allow":["GET"]}}],"collection":[{"href":"https:\/\/apub.org.br\/siteantigo\/wp-json\/wp\/v2\/posts"}],"about":[{"href":"https:\/\/apub.org.br\/siteantigo\/wp-json\/wp\/v2\/types\/post"}],"author":[{"embeddable":true,"href":"https:\/\/apub.org.br\/siteantigo\/wp-json\/wp\/v2\/users\/1"}],"replies":[{"embeddable":true,"href":"https:\/\/apub.org.br\/siteantigo\/wp-json\/wp\/v2\/comments?post=49811"}],"version-history":[{"count":8,"href":"https:\/\/apub.org.br\/siteantigo\/wp-json\/wp\/v2\/posts\/49811\/revisions"}],"predecessor-version":[{"id":49932,"href":"https:\/\/apub.org.br\/siteantigo\/wp-json\/wp\/v2\/posts\/49811\/revisions\/49932"}],"wp:featuredmedia":[{"embeddable":true,"href":"https:\/\/apub.org.br\/siteantigo\/wp-json\/wp\/v2\/media\/49812"}],"wp:attachment":[{"href":"https:\/\/apub.org.br\/siteantigo\/wp-json\/wp\/v2\/media?parent=49811"}],"wp:term":[{"taxonomy":"category","embeddable":true,"href":"https:\/\/apub.org.br\/siteantigo\/wp-json\/wp\/v2\/categories?post=49811"},{"taxonomy":"post_tag","embeddable":true,"href":"https:\/\/apub.org.br\/siteantigo\/wp-json\/wp\/v2\/tags?post=49811"}],"curies":[{"name":"wp","href":"https:\/\/api.w.org\/{rel}","templated":true}]}}