{"id":49839,"date":"2024-11-15T17:04:05","date_gmt":"2024-11-15T20:04:05","guid":{"rendered":"https:\/\/apub.org.br\/?p=49839"},"modified":"2024-11-15T17:18:52","modified_gmt":"2024-11-15T20:18:52","slug":"apub-solicita-audiencia-a-reitoria-da-ufba-para-tratar-do-calendario-apresentado-ao-cae","status":"publish","type":"post","link":"https:\/\/apub.org.br\/siteantigo\/apub-solicita-audiencia-a-reitoria-da-ufba-para-tratar-do-calendario-apresentado-ao-cae\/","title":{"rendered":"Apub solicita audi\u00eancia \u00e0 Reitoria da UFBA para tratar do Calend\u00e1rio apresentado ao CAE"},"content":{"rendered":"\n<p><em>Proposta da Superintend\u00eancia de Administra\u00e7\u00e3o Acad\u00eamica (SUPAC\/UFBA) apresentada ao Conselho Acad\u00eamico de Ensino (CAE) prev\u00ea aulas em janeiro e fevereiro em 2025 e 2026; audi\u00eancia ser\u00e1 segunda (18), \u00e0s 17h<\/em><\/p>\n\n\n\n<p>A Apub recebeu com surpresa o calend\u00e1rio de 2025 e 2026 apresentado ao Conselho Acad\u00eamico de Ensino (CAE) pela Superintend\u00eancia de Administra\u00e7\u00e3o Acad\u00eamica (SUPAC\/UFBA). Acolhendo as reclama\u00e7\u00f5es de diversos docentes, a diretoria do sindicato solicitou \u00e0 Reitoria uma audi\u00eancia, a ser realizada na pr\u00f3xima segunda-feira (18\/11), \u00e0s 17h para tratar do calend\u00e1rio e apresentar uma proposta que possa ser levada ao Consepe que n\u00e3o cause impacto t\u00e3o grande na vida dos docentes.<\/p>\n\n\n\n<p>Os principais impactos, destacados pela dire\u00e7\u00e3o, s\u00e3o dois anos seguidos, com aulas em janeiro e fevereiro: 2025, por conta da greve da UFBA no \u00faltimo per\u00edodo, e 2026 por conta do ajuste e transi\u00e7\u00e3o do SIAC para o SIGAA.<\/p>\n\n\n\n<p>Segundo o OFICIO N\u00ba 12146\/2024 &#8211; SUPAC\/UFBA, apresentado no dia 11 de novembro ao CAE, o semestre de 2025.1 ficaria previsto para o per\u00edodo de 24 de Mar\u00e7o de 2025 a 26 de julho de 2025. J\u00e1 o semestre de 2025.2, seria de 15 de Setembro a 07 de fevereiro de 2026.<\/p>\n\n\n\n<p><em>Confira o documento da SUPAC<\/em>:<\/p>\n\n\n\n<div data-wp-interactive=\"core\/file\" class=\"wp-block-file\"><object data-wp-bind--hidden=\"!state.hasPdfPreview\" hidden class=\"wp-block-file__embed\" data=\"https:\/\/apub.org.br\/wp-content\/uploads\/2024\/11\/oficio-Supac-Calendario.pdf\" type=\"application\/pdf\" style=\"width:100%;height:600px\" aria-label=\"Incorporado de oficio Supac - Calend\u00e1rio.\"><\/object><a id=\"wp-block-file--media-2bdff046-89cb-4c94-8a4b-3ca4e81c9474\" href=\"https:\/\/apub.org.br\/wp-content\/uploads\/2024\/11\/oficio-Supac-Calendario.pdf\">oficio Supac &#8211; Calend\u00e1rio<\/a><a href=\"https:\/\/apub.org.br\/wp-content\/uploads\/2024\/11\/oficio-Supac-Calendario.pdf\" class=\"wp-block-file__button wp-element-button\" download aria-describedby=\"wp-block-file--media-2bdff046-89cb-4c94-8a4b-3ca4e81c9474\">Baixar<\/a><\/div>\n\n\n\n<p><\/p>\n","protected":false},"excerpt":{"rendered":"<p>Proposta da Superintend\u00eancia de Administra\u00e7\u00e3o Acad\u00eamica (SUPAC\/UFBA) apresentada ao Conselho Acad\u00eamico de Ensino (CAE) prev\u00ea aulas em janeiro e fevereiro em 2025 e 2026; audi\u00eancia ser\u00e1 segunda (18), \u00e0s 17h A Apub recebeu com surpresa o calend\u00e1rio de 2025 e 2026 apresentado ao Conselho Acad\u00eamico de Ensino (CAE) pela Superintend\u00eancia de Administra\u00e7\u00e3o Acad\u00eamica (SUPAC\/UFBA). Acolhendo [&hellip;]<\/p>\n","protected":false},"author":2,"featured_media":49840,"comment_status":"closed","ping_status":"closed","sticky":false,"template":"","format":"standard","meta":{"footnotes":""},"categories":[146],"tags":[],"class_list":["post-49839","post","type-post","status-publish","format-standard","has-post-thumbnail","hentry","category-latest-news"],"_links":{"self":[{"href":"https:\/\/apub.org.br\/siteantigo\/wp-json\/wp\/v2\/posts\/49839","targetHints":{"allow":["GET"]}}],"collection":[{"href":"https:\/\/apub.org.br\/siteantigo\/wp-json\/wp\/v2\/posts"}],"about":[{"href":"https:\/\/apub.org.br\/siteantigo\/wp-json\/wp\/v2\/types\/post"}],"author":[{"embeddable":true,"href":"https:\/\/apub.org.br\/siteantigo\/wp-json\/wp\/v2\/users\/2"}],"replies":[{"embeddable":true,"href":"https:\/\/apub.org.br\/siteantigo\/wp-json\/wp\/v2\/comments?post=49839"}],"version-history":[{"count":14,"href":"https:\/\/apub.org.br\/siteantigo\/wp-json\/wp\/v2\/posts\/49839\/revisions"}],"predecessor-version":[{"id":49859,"href":"https:\/\/apub.org.br\/siteantigo\/wp-json\/wp\/v2\/posts\/49839\/revisions\/49859"}],"wp:featuredmedia":[{"embeddable":true,"href":"https:\/\/apub.org.br\/siteantigo\/wp-json\/wp\/v2\/media\/49840"}],"wp:attachment":[{"href":"https:\/\/apub.org.br\/siteantigo\/wp-json\/wp\/v2\/media?parent=49839"}],"wp:term":[{"taxonomy":"category","embeddable":true,"href":"https:\/\/apub.org.br\/siteantigo\/wp-json\/wp\/v2\/categories?post=49839"},{"taxonomy":"post_tag","embeddable":true,"href":"https:\/\/apub.org.br\/siteantigo\/wp-json\/wp\/v2\/tags?post=49839"}],"curies":[{"name":"wp","href":"https:\/\/api.w.org\/{rel}","templated":true}]}}