{"id":49860,"date":"2024-11-15T17:35:05","date_gmt":"2024-11-15T20:35:05","guid":{"rendered":"https:\/\/apub.org.br\/?p=49860"},"modified":"2025-08-06T10:23:58","modified_gmt":"2025-08-06T13:23:58","slug":"muniz-sodre-e-homenageado-na-segunda-edicao-da-comenda-ubiratan-castro","status":"publish","type":"post","link":"https:\/\/apub.org.br\/siteantigo\/muniz-sodre-e-homenageado-na-segunda-edicao-da-comenda-ubiratan-castro\/","title":{"rendered":"Muniz Sodr\u00e9 \u00e9 homenageado na segunda edi\u00e7\u00e3o da Comenda Ubiratan Castro"},"content":{"rendered":"\n<p>A Faculdade de Direito da Universidade Federal da Bahia (UFBA), segunda mais antiga do pa\u00eds, ouviu, neste Novembro Negro, os clarins anunciarem a entrega da comenda Ubiratan Castro ao Ob\u00e1 de Xang\u00f4 e professor da Universidade Federal do Rio de Janeiro, Muniz Sodr\u00e9. Nesta quinta-feira (14), um dia de Xang\u00f4, a tradicional faculdade no bairro da Gra\u00e7a recebeu seu ex-aluno com grande festa para entregar-lhe a homenagem concedida pelo Sindicato dos Professores das Institui\u00e7\u00f5es Federais de Ensino Superior da Bahia (Apub) em parceria com a UFBA.<\/p>\n\n\n\n<p>Nascido e criado na \u201cboca do sert\u00e3o\u201d, em S\u00e3o Gon\u00e7alo dos Campos (BA), Muniz Sodr\u00e9 \u00e9 pesquisador da comunica\u00e7\u00e3o e do jornalismo com vasta obra publicada, Doutor Honoris Causa pela UFBA, capoeirista e Ob\u00e1 de Xang\u00f4, t\u00edtulo honor\u00edfico recebido no Il\u00ea Ax\u00e9 Op\u00f4 Afonj\u00e1. Na Academia de Letras da Bahia ocupa a cadeira 33, cujo patrono \u00e9 Castro Alves, e que tamb\u00e9m pertenceu a M\u00e3e Stella de Ox\u00f3ssi e a Ubiratan Castro, historiador e um dos fundadores do Centro de Estudos Afro-Orientais (CEAO) da UFBA.<\/p>\n\n\n\n<p>Sodr\u00e9 foi descrito por Clarisse Paradis, presidente em exerc\u00edcio da Apub, como um intelectual comprometido com um projeto democr\u00e1tico de pa\u00eds. \u201cUm intelectual brasileiro que reconstr\u00f3i, retirando do lugar do n\u00e3o dito, do escondido, as din\u00e2micas nacionais do racismo, para que possamos criar uma outra consci\u00eancia coletiva fundamentalmente democr\u00e1tica\u201d, afirmou em sua sauda\u00e7\u00e3o de abertura da homenagem.<\/p>\n\n\n\n<p><strong>Universidade e comunidade<\/strong><\/p>\n\n\n\n<p>Ap\u00f3s conceder sua b\u00ean\u00e7\u00e3o para o in\u00edcio da solenidade, a Iyalorix\u00e1 Gilmara Santos lembrou as palavras de Makota Valdina de que n\u00e3o \u00e9 poss\u00edvel construir conhecimentos universit\u00e1rios sem o contato direto com as comunidades. E exaltou a trajet\u00f3ria militante e intelectual do homenageado.<\/p>\n\n\n\n<p>Em sua fala, Muniz Sodr\u00e9 pediu ag\u00f4 (licen\u00e7a) para falar de sua pr\u00f3pria trajet\u00f3ria naquela faculdade e na vida adiante, um exemplo daquilo que defendia Makota Valdina: intelectualidade e comunidade em conjunto.<\/p>\n\n\n\n<p>\u201cMinha primeira universidade foi o jornal, mais precisamente o Jornal da Bahia, onde ouvi falar pela primeira vez de um alem\u00e3o chamado Carlo Marx que me encantou\u201d, contou Sodr\u00e9. O extinto jornal, que pertencia a Jo\u00e3o Paulo Campos, era, nas palavras de Muniz Sodr\u00e9, \u201cum antro de comunistas\u201d, respons\u00e1vel por lhe dar as primeiras lentes para ler o mundo. As lentes seguintes, seriam a do Direito, adquiridas ali na UFBA.<\/p>\n\n\n\n<p>Essas primeiras lentes, comunistas e das ruas da cidade de Salvador, lhe ajudariam a ler criticamente a ci\u00eancia que lhe era ensinada, como um \u201cdireito pomposo que s\u00f3 dissimulava a injusti\u00e7a dos bem nutridos para com os escravos da fome\u201d, afirmou. Para Sodr\u00e9, naquele tempo, \u201ca faculdade s\u00f3 tinha olhos para a consolida\u00e7\u00e3o daquilo que a pol\u00edtica dominante considerasse justo\u201d.<\/p>\n\n\n\n<p>Passados 40 anos desde a \u00faltima vez em que esteve ali, Muniz Sodr\u00e9 foi descrito por Jamile Borges, atual diretora do CEAO-UFBA, como o intelectual negro cujo legado formativo possibilitou que outras pessoas negras se tornassem diretoras de centros e faculdades na UFBA, for\u00e7ando mudan\u00e7as no cen\u00e1rio da produ\u00e7\u00e3o intelectual da Bahia e do Brasil.<\/p>\n\n\n\n<p>\u201cHoje \u00e9 um dia de festa, de celebra\u00e7\u00e3o para nossos ancestrais e tamb\u00e9m para nossa comunidade. \u00c9 um momento de celebra\u00e7\u00e3o e conquistas, n\u00e3o apenas conquistas acad\u00eamicas ou profissionais, mas de uma vida dedicada aos estudos das popula\u00e7\u00f5es afrobrasileiras, do racismo, do antirracismo\u201d, disse a diretora do CEAO.<\/p>\n\n\n\n<p><strong>Quest\u00e3o racial<\/strong><\/p>\n\n\n\n<p>Ao descrever a import\u00e2ncia da comenda Ubiratan Castro e de prestar homenagem a Muniz Sodr\u00e9, o diretor acad\u00eamico da Apub, Ponciano de Carvalho, defendeu a centralidade da quest\u00e3o racial para a democracia brasileira. \u201cA centralidade de um debate que n\u00e3o \u00e9 identit\u00e1rio no Brasil de 55,5% de popula\u00e7\u00e3o negra, e menos ainda na Bahia, que possui mais de 80% de sua popula\u00e7\u00e3o negra\u201d, lembrou.<\/p>\n\n\n\n<p>Ele criticou a nova onda te\u00f3rico-pol\u00edtica brasileira que tem atribu\u00eddo \u00e0s lutas dos direitos de pessoas negras o t\u00edtulo de luta identit\u00e1ria. \u201cEu tenho que me lembrar de outro ex-aluno dessa casa, Milton Santos, que dizia que quase n\u00e3o havia cidadania no Brasil, o que havia de fato, e ainda h\u00e1, \u00e9 uma democracia de privil\u00e9gios\u201d, afirmou.<\/p>\n\n\n\n<p>Lembrando o \u00faltimo livro publicado por Muniz Sodr\u00e9,&nbsp;<em>O Fascismo da Cor<\/em>, Ponciano de Carvalho explicou que cor e ra\u00e7a tornaram-se marcadores de diferen\u00e7as t\u00e3o fundamentais que se converteram em uma linguagem determinante para a nossa fragilidade democr\u00e1tica. \u201cUma linguagem que n\u00e3o pode ser mais marginalizada pela filosofia pol\u00edtica. E \u00e9 importante se falar isso na faculdade de Direito, pela teoria do Direito. Uma linguagem que n\u00e3o pode mais ser marginalizada pela universidade p\u00fablica brasileira\u201d, finalizou.<\/p>\n\n\n\n<p><strong><em><a href=\"https:\/\/www.brasildefatoba.com.br\/2024\/11\/15\/ao-toque-dos-atabaques-muniz-sodre-recebe-homenagem-em-salvador-ba\">Mat\u00e9ria originalmente publicada em: Brasil de Fato\/ Autora: Gabriela Amorim<\/a><\/em><\/strong><\/p>\n\n\n\n<figure class=\"wp-block-gallery has-nested-images columns-default is-cropped wp-block-gallery-1 is-layout-flex wp-block-gallery-is-layout-flex\">\n<figure class=\"wp-block-image size-large\"><img fetchpriority=\"high\" decoding=\"async\" width=\"1024\" height=\"682\" data-id=\"53280\" src=\"https:\/\/apub.org.br\/siteantigo\/wp-content\/uploads\/2024\/11\/WhatsApp-Image-2025-08-06-at-10.21.24-1024x682.jpeg\" alt=\"\" class=\"wp-image-53280\" srcset=\"https:\/\/apub.org.br\/siteantigo\/wp-content\/uploads\/2024\/11\/WhatsApp-Image-2025-08-06-at-10.21.24-1024x682.jpeg 1024w, https:\/\/apub.org.br\/siteantigo\/wp-content\/uploads\/2024\/11\/WhatsApp-Image-2025-08-06-at-10.21.24-300x200.jpeg 300w, https:\/\/apub.org.br\/siteantigo\/wp-content\/uploads\/2024\/11\/WhatsApp-Image-2025-08-06-at-10.21.24-768x512.jpeg 768w, https:\/\/apub.org.br\/siteantigo\/wp-content\/uploads\/2024\/11\/WhatsApp-Image-2025-08-06-at-10.21.24-1536x1023.jpeg 1536w, https:\/\/apub.org.br\/siteantigo\/wp-content\/uploads\/2024\/11\/WhatsApp-Image-2025-08-06-at-10.21.24.jpeg 1600w\" sizes=\"(max-width: 1024px) 100vw, 1024px\" \/><\/figure>\n\n\n\n\n\n<figure class=\"wp-block-image size-large\"><img decoding=\"async\" width=\"1024\" height=\"682\" data-id=\"53281\" src=\"https:\/\/apub.org.br\/siteantigo\/wp-content\/uploads\/2024\/11\/WhatsApp-Image-2025-08-06-at-10.21.24-2-1024x682.jpeg\" alt=\"\" class=\"wp-image-53281\" srcset=\"https:\/\/apub.org.br\/siteantigo\/wp-content\/uploads\/2024\/11\/WhatsApp-Image-2025-08-06-at-10.21.24-2-1024x682.jpeg 1024w, https:\/\/apub.org.br\/siteantigo\/wp-content\/uploads\/2024\/11\/WhatsApp-Image-2025-08-06-at-10.21.24-2-300x200.jpeg 300w, https:\/\/apub.org.br\/siteantigo\/wp-content\/uploads\/2024\/11\/WhatsApp-Image-2025-08-06-at-10.21.24-2-768x512.jpeg 768w, https:\/\/apub.org.br\/siteantigo\/wp-content\/uploads\/2024\/11\/WhatsApp-Image-2025-08-06-at-10.21.24-2-1536x1023.jpeg 1536w, https:\/\/apub.org.br\/siteantigo\/wp-content\/uploads\/2024\/11\/WhatsApp-Image-2025-08-06-at-10.21.24-2.jpeg 1600w\" sizes=\"(max-width: 1024px) 100vw, 1024px\" \/><\/figure>\n\n\n\n<figure class=\"wp-block-image size-large\"><img decoding=\"async\" width=\"1024\" height=\"682\" data-id=\"53285\" src=\"https:\/\/apub.org.br\/siteantigo\/wp-content\/uploads\/2024\/11\/WhatsApp-Image-2025-08-06-at-10.21.24-3-1024x682.jpeg\" alt=\"\" class=\"wp-image-53285\" srcset=\"https:\/\/apub.org.br\/siteantigo\/wp-content\/uploads\/2024\/11\/WhatsApp-Image-2025-08-06-at-10.21.24-3-1024x682.jpeg 1024w, https:\/\/apub.org.br\/siteantigo\/wp-content\/uploads\/2024\/11\/WhatsApp-Image-2025-08-06-at-10.21.24-3-300x200.jpeg 300w, https:\/\/apub.org.br\/siteantigo\/wp-content\/uploads\/2024\/11\/WhatsApp-Image-2025-08-06-at-10.21.24-3-768x512.jpeg 768w, https:\/\/apub.org.br\/siteantigo\/wp-content\/uploads\/2024\/11\/WhatsApp-Image-2025-08-06-at-10.21.24-3-1536x1023.jpeg 1536w, https:\/\/apub.org.br\/siteantigo\/wp-content\/uploads\/2024\/11\/WhatsApp-Image-2025-08-06-at-10.21.24-3.jpeg 1600w\" sizes=\"(max-width: 1024px) 100vw, 1024px\" \/><\/figure>\n\n\n\n<figure class=\"wp-block-image size-large\"><img loading=\"lazy\" decoding=\"async\" width=\"1024\" height=\"682\" data-id=\"53284\" src=\"https:\/\/apub.org.br\/siteantigo\/wp-content\/uploads\/2024\/11\/WhatsApp-Image-2025-08-06-at-10.21.24-4-1024x682.jpeg\" alt=\"\" class=\"wp-image-53284\" srcset=\"https:\/\/apub.org.br\/siteantigo\/wp-content\/uploads\/2024\/11\/WhatsApp-Image-2025-08-06-at-10.21.24-4-1024x682.jpeg 1024w, https:\/\/apub.org.br\/siteantigo\/wp-content\/uploads\/2024\/11\/WhatsApp-Image-2025-08-06-at-10.21.24-4-300x200.jpeg 300w, https:\/\/apub.org.br\/siteantigo\/wp-content\/uploads\/2024\/11\/WhatsApp-Image-2025-08-06-at-10.21.24-4-768x512.jpeg 768w, https:\/\/apub.org.br\/siteantigo\/wp-content\/uploads\/2024\/11\/WhatsApp-Image-2025-08-06-at-10.21.24-4-1536x1023.jpeg 1536w, https:\/\/apub.org.br\/siteantigo\/wp-content\/uploads\/2024\/11\/WhatsApp-Image-2025-08-06-at-10.21.24-4.jpeg 1600w\" sizes=\"(max-width: 1024px) 100vw, 1024px\" \/><\/figure>\n\n\n\n<figure class=\"wp-block-image size-large\"><img loading=\"lazy\" decoding=\"async\" width=\"1024\" height=\"682\" data-id=\"53283\" src=\"https:\/\/apub.org.br\/siteantigo\/wp-content\/uploads\/2024\/11\/WhatsApp-Image-2025-08-06-at-10.21.24-5-1024x682.jpeg\" alt=\"\" class=\"wp-image-53283\" srcset=\"https:\/\/apub.org.br\/siteantigo\/wp-content\/uploads\/2024\/11\/WhatsApp-Image-2025-08-06-at-10.21.24-5-1024x682.jpeg 1024w, https:\/\/apub.org.br\/siteantigo\/wp-content\/uploads\/2024\/11\/WhatsApp-Image-2025-08-06-at-10.21.24-5-300x200.jpeg 300w, https:\/\/apub.org.br\/siteantigo\/wp-content\/uploads\/2024\/11\/WhatsApp-Image-2025-08-06-at-10.21.24-5-768x512.jpeg 768w, https:\/\/apub.org.br\/siteantigo\/wp-content\/uploads\/2024\/11\/WhatsApp-Image-2025-08-06-at-10.21.24-5-1536x1023.jpeg 1536w, https:\/\/apub.org.br\/siteantigo\/wp-content\/uploads\/2024\/11\/WhatsApp-Image-2025-08-06-at-10.21.24-5.jpeg 1600w\" sizes=\"(max-width: 1024px) 100vw, 1024px\" \/><\/figure>\n\n\n\n<figure class=\"wp-block-image size-large\"><img loading=\"lazy\" decoding=\"async\" width=\"1024\" height=\"682\" data-id=\"53286\" src=\"https:\/\/apub.org.br\/siteantigo\/wp-content\/uploads\/2024\/11\/WhatsApp-Image-2025-08-06-at-10.21.24-6-1024x682.jpeg\" alt=\"\" class=\"wp-image-53286\" srcset=\"https:\/\/apub.org.br\/siteantigo\/wp-content\/uploads\/2024\/11\/WhatsApp-Image-2025-08-06-at-10.21.24-6-1024x682.jpeg 1024w, https:\/\/apub.org.br\/siteantigo\/wp-content\/uploads\/2024\/11\/WhatsApp-Image-2025-08-06-at-10.21.24-6-300x200.jpeg 300w, https:\/\/apub.org.br\/siteantigo\/wp-content\/uploads\/2024\/11\/WhatsApp-Image-2025-08-06-at-10.21.24-6-768x512.jpeg 768w, https:\/\/apub.org.br\/siteantigo\/wp-content\/uploads\/2024\/11\/WhatsApp-Image-2025-08-06-at-10.21.24-6-1536x1023.jpeg 1536w, https:\/\/apub.org.br\/siteantigo\/wp-content\/uploads\/2024\/11\/WhatsApp-Image-2025-08-06-at-10.21.24-6.jpeg 1600w\" sizes=\"(max-width: 1024px) 100vw, 1024px\" \/><\/figure>\n\n\n\n<figure class=\"wp-block-image size-large\"><img loading=\"lazy\" decoding=\"async\" width=\"1024\" height=\"682\" data-id=\"53289\" src=\"https:\/\/apub.org.br\/siteantigo\/wp-content\/uploads\/2024\/11\/WhatsApp-Image-2025-08-06-at-10.21.24-7-1024x682.jpeg\" alt=\"\" class=\"wp-image-53289\" srcset=\"https:\/\/apub.org.br\/siteantigo\/wp-content\/uploads\/2024\/11\/WhatsApp-Image-2025-08-06-at-10.21.24-7-1024x682.jpeg 1024w, https:\/\/apub.org.br\/siteantigo\/wp-content\/uploads\/2024\/11\/WhatsApp-Image-2025-08-06-at-10.21.24-7-300x200.jpeg 300w, https:\/\/apub.org.br\/siteantigo\/wp-content\/uploads\/2024\/11\/WhatsApp-Image-2025-08-06-at-10.21.24-7-768x512.jpeg 768w, https:\/\/apub.org.br\/siteantigo\/wp-content\/uploads\/2024\/11\/WhatsApp-Image-2025-08-06-at-10.21.24-7-1536x1023.jpeg 1536w, https:\/\/apub.org.br\/siteantigo\/wp-content\/uploads\/2024\/11\/WhatsApp-Image-2025-08-06-at-10.21.24-7.jpeg 1600w\" sizes=\"(max-width: 1024px) 100vw, 1024px\" \/><\/figure>\n\n\n\n<figure class=\"wp-block-image size-large\"><img loading=\"lazy\" decoding=\"async\" width=\"1024\" height=\"682\" data-id=\"53287\" src=\"https:\/\/apub.org.br\/siteantigo\/wp-content\/uploads\/2024\/11\/WhatsApp-Image-2025-08-06-at-10.21.24-8-1024x682.jpeg\" alt=\"\" class=\"wp-image-53287\" srcset=\"https:\/\/apub.org.br\/siteantigo\/wp-content\/uploads\/2024\/11\/WhatsApp-Image-2025-08-06-at-10.21.24-8-1024x682.jpeg 1024w, https:\/\/apub.org.br\/siteantigo\/wp-content\/uploads\/2024\/11\/WhatsApp-Image-2025-08-06-at-10.21.24-8-300x200.jpeg 300w, https:\/\/apub.org.br\/siteantigo\/wp-content\/uploads\/2024\/11\/WhatsApp-Image-2025-08-06-at-10.21.24-8-768x512.jpeg 768w, https:\/\/apub.org.br\/siteantigo\/wp-content\/uploads\/2024\/11\/WhatsApp-Image-2025-08-06-at-10.21.24-8-1536x1023.jpeg 1536w, https:\/\/apub.org.br\/siteantigo\/wp-content\/uploads\/2024\/11\/WhatsApp-Image-2025-08-06-at-10.21.24-8.jpeg 1600w\" sizes=\"(max-width: 1024px) 100vw, 1024px\" \/><\/figure>\n\n\n\n<figure class=\"wp-block-image size-large\"><img loading=\"lazy\" decoding=\"async\" width=\"1024\" height=\"682\" data-id=\"53288\" src=\"https:\/\/apub.org.br\/siteantigo\/wp-content\/uploads\/2024\/11\/WhatsApp-Image-2025-08-06-at-10.21.24-9-1024x682.jpeg\" alt=\"\" class=\"wp-image-53288\" srcset=\"https:\/\/apub.org.br\/siteantigo\/wp-content\/uploads\/2024\/11\/WhatsApp-Image-2025-08-06-at-10.21.24-9-1024x682.jpeg 1024w, https:\/\/apub.org.br\/siteantigo\/wp-content\/uploads\/2024\/11\/WhatsApp-Image-2025-08-06-at-10.21.24-9-300x200.jpeg 300w, https:\/\/apub.org.br\/siteantigo\/wp-content\/uploads\/2024\/11\/WhatsApp-Image-2025-08-06-at-10.21.24-9-768x512.jpeg 768w, https:\/\/apub.org.br\/siteantigo\/wp-content\/uploads\/2024\/11\/WhatsApp-Image-2025-08-06-at-10.21.24-9-1536x1023.jpeg 1536w, https:\/\/apub.org.br\/siteantigo\/wp-content\/uploads\/2024\/11\/WhatsApp-Image-2025-08-06-at-10.21.24-9.jpeg 1600w\" sizes=\"(max-width: 1024px) 100vw, 1024px\" \/><\/figure>\n\n\n\n\n\n<figure class=\"wp-block-image size-large\"><img loading=\"lazy\" decoding=\"async\" width=\"1024\" height=\"912\" data-id=\"53290\" src=\"https:\/\/apub.org.br\/siteantigo\/wp-content\/uploads\/2024\/11\/WhatsApp-Image-2025-08-06-at-10.21.24-11-1024x912.jpeg\" alt=\"\" class=\"wp-image-53290\" srcset=\"https:\/\/apub.org.br\/siteantigo\/wp-content\/uploads\/2024\/11\/WhatsApp-Image-2025-08-06-at-10.21.24-11-1024x912.jpeg 1024w, https:\/\/apub.org.br\/siteantigo\/wp-content\/uploads\/2024\/11\/WhatsApp-Image-2025-08-06-at-10.21.24-11-300x267.jpeg 300w, https:\/\/apub.org.br\/siteantigo\/wp-content\/uploads\/2024\/11\/WhatsApp-Image-2025-08-06-at-10.21.24-11-768x684.jpeg 768w, https:\/\/apub.org.br\/siteantigo\/wp-content\/uploads\/2024\/11\/WhatsApp-Image-2025-08-06-at-10.21.24-11-1536x1368.jpeg 1536w, https:\/\/apub.org.br\/siteantigo\/wp-content\/uploads\/2024\/11\/WhatsApp-Image-2025-08-06-at-10.21.24-11.jpeg 1600w\" sizes=\"(max-width: 1024px) 100vw, 1024px\" \/><\/figure>\n<\/figure>\n\n\n\n<p><\/p>\n","protected":false},"excerpt":{"rendered":"<p>A Faculdade de Direito da Universidade Federal da Bahia (UFBA), segunda mais antiga do pa\u00eds, ouviu, neste Novembro Negro, os clarins anunciarem a entrega da comenda Ubiratan Castro ao Ob\u00e1 de Xang\u00f4 e professor da Universidade Federal do Rio de Janeiro, Muniz Sodr\u00e9. Nesta quinta-feira (14), um dia de Xang\u00f4, a tradicional faculdade no bairro [&hellip;]<\/p>\n","protected":false},"author":2,"featured_media":49863,"comment_status":"closed","ping_status":"closed","sticky":false,"template":"","format":"standard","meta":{"footnotes":""},"categories":[146],"tags":[],"class_list":["post-49860","post","type-post","status-publish","format-standard","has-post-thumbnail","hentry","category-latest-news"],"_links":{"self":[{"href":"https:\/\/apub.org.br\/siteantigo\/wp-json\/wp\/v2\/posts\/49860","targetHints":{"allow":["GET"]}}],"collection":[{"href":"https:\/\/apub.org.br\/siteantigo\/wp-json\/wp\/v2\/posts"}],"about":[{"href":"https:\/\/apub.org.br\/siteantigo\/wp-json\/wp\/v2\/types\/post"}],"author":[{"embeddable":true,"href":"https:\/\/apub.org.br\/siteantigo\/wp-json\/wp\/v2\/users\/2"}],"replies":[{"embeddable":true,"href":"https:\/\/apub.org.br\/siteantigo\/wp-json\/wp\/v2\/comments?post=49860"}],"version-history":[{"count":4,"href":"https:\/\/apub.org.br\/siteantigo\/wp-json\/wp\/v2\/posts\/49860\/revisions"}],"predecessor-version":[{"id":53292,"href":"https:\/\/apub.org.br\/siteantigo\/wp-json\/wp\/v2\/posts\/49860\/revisions\/53292"}],"wp:featuredmedia":[{"embeddable":true,"href":"https:\/\/apub.org.br\/siteantigo\/wp-json\/wp\/v2\/media\/49863"}],"wp:attachment":[{"href":"https:\/\/apub.org.br\/siteantigo\/wp-json\/wp\/v2\/media?parent=49860"}],"wp:term":[{"taxonomy":"category","embeddable":true,"href":"https:\/\/apub.org.br\/siteantigo\/wp-json\/wp\/v2\/categories?post=49860"},{"taxonomy":"post_tag","embeddable":true,"href":"https:\/\/apub.org.br\/siteantigo\/wp-json\/wp\/v2\/tags?post=49860"}],"curies":[{"name":"wp","href":"https:\/\/api.w.org\/{rel}","templated":true}]}}