{"id":4987,"date":"2012-03-29T14:04:45","date_gmt":"2012-03-29T14:04:45","guid":{"rendered":"http:\/\/apub.org.br\/?p=4987"},"modified":"2012-03-29T14:04:45","modified_gmt":"2012-03-29T14:04:45","slug":"reuniao-entre-mpog-e-servidores-publicos-federais","status":"publish","type":"post","link":"https:\/\/apub.org.br\/siteantigo\/reuniao-entre-mpog-e-servidores-publicos-federais\/","title":{"rendered":"Reuni\u00e3o entre MPOG e servidores p\u00fablicos federais"},"content":{"rendered":"<p style=\"text-align: justify;\">O Secret\u00e1rio S\u00e9rgio Mendon\u00e7a iniciou a discuss\u00e3o reiterando que a prioridade \u00e9 a corre\u00e7\u00e3o de distor\u00e7\u00f5es do servi\u00e7o p\u00fablico e que nos \u00faltimos anos vem se dedicando na supera\u00e7\u00e3o dessas disparidades. Ao mesmo tempo em que reconheceu que o tempo ex\u00edguo entre a entrega da proposta e a an\u00e1lise individualizada dos pedidos n\u00e3o permitiu apurar essas distor\u00e7\u00f5es, mas assegurou que n\u00e3o \u00e9 poss\u00edvel atender a solicita\u00e7\u00e3o de reajuste linear de 22,08% que havia sido solicitado pelo conjunto das 28 entidades, pois, pela \u00f3tica do governo n\u00e3o \u00e9 poss\u00edvel identificar qualquer perda salarial que chegue a tal montante e que para o conjunto dos servidores federais esta defasagem n\u00e3o existiu. Al\u00e9m disso, que o impacto desse reajuste equivale a 0,5% do PIB, numa folha que consome 4,5% do PIB. Pelo que compreendeu da proposta apresentada, no n\u00famero est\u00e1 embutido uma parte de infla\u00e7\u00e3o e um percentual do crescimento do PIB no per\u00edodo. Afirmou que o governo pretende continuar as conversas e negocia\u00e7\u00f5es nas mesas espec\u00edficas na busca do entendimento. <em>Fonte: Proifes Federa\u00e7\u00e3o. Por M\u00e9cia Menescal. Confira o <a href=\"http:\/\/proifes.org.br\/relato-da-reuniao-da-srtmpog-com-o-forum-das-entidades-dos-servidores-publicos-federais\/\" target=\"_blank\">relato<\/a> completo da reuni\u00e3o.<\/em><\/p>\n<p style=\"text-align: justify;\">\n","protected":false},"excerpt":{"rendered":"<p>O Secret\u00e1rio S\u00e9rgio Mendon\u00e7a iniciou a discuss\u00e3o reiterando que a prioridade \u00e9 a corre\u00e7\u00e3o de distor\u00e7\u00f5es do servi\u00e7o p\u00fablico e que nos \u00faltimos anos vem se dedicando na supera\u00e7\u00e3o dessas disparidades. Ao mesmo tempo em que reconheceu que o tempo ex\u00edguo entre a entrega da proposta e a an\u00e1lise individualizada dos pedidos n\u00e3o permitiu apurar [&hellip;]<\/p>\n","protected":false},"author":1,"featured_media":0,"comment_status":"closed","ping_status":"closed","sticky":false,"template":"","format":"standard","meta":{"footnotes":""},"categories":[146],"tags":[],"class_list":["post-4987","post","type-post","status-publish","format-standard","hentry","category-latest-news"],"_links":{"self":[{"href":"https:\/\/apub.org.br\/siteantigo\/wp-json\/wp\/v2\/posts\/4987","targetHints":{"allow":["GET"]}}],"collection":[{"href":"https:\/\/apub.org.br\/siteantigo\/wp-json\/wp\/v2\/posts"}],"about":[{"href":"https:\/\/apub.org.br\/siteantigo\/wp-json\/wp\/v2\/types\/post"}],"author":[{"embeddable":true,"href":"https:\/\/apub.org.br\/siteantigo\/wp-json\/wp\/v2\/users\/1"}],"replies":[{"embeddable":true,"href":"https:\/\/apub.org.br\/siteantigo\/wp-json\/wp\/v2\/comments?post=4987"}],"version-history":[{"count":0,"href":"https:\/\/apub.org.br\/siteantigo\/wp-json\/wp\/v2\/posts\/4987\/revisions"}],"wp:attachment":[{"href":"https:\/\/apub.org.br\/siteantigo\/wp-json\/wp\/v2\/media?parent=4987"}],"wp:term":[{"taxonomy":"category","embeddable":true,"href":"https:\/\/apub.org.br\/siteantigo\/wp-json\/wp\/v2\/categories?post=4987"},{"taxonomy":"post_tag","embeddable":true,"href":"https:\/\/apub.org.br\/siteantigo\/wp-json\/wp\/v2\/tags?post=4987"}],"curies":[{"name":"wp","href":"https:\/\/api.w.org\/{rel}","templated":true}]}}